{"id":16753,"date":"2020-11-24T22:43:41","date_gmt":"2020-11-24T22:43:41","guid":{"rendered":"https:\/\/www.angiografiadeoccidente.com.co\/website2020\/wordpress\/?p=16753"},"modified":"2025-12-03T18:46:44","modified_gmt":"2025-12-03T18:46:44","slug":"jornadasdevacunacionipscapitolio","status":"publish","type":"post","link":"https:\/\/www.angiografiadeoccidente.com.co\/angio\/jornadasdevacunacionipscapitolio\/","title":{"rendered":"Finaliza el ciclo de las jornadas de vacunaci\u00f3n en la IPS Capitolio"},"content":{"rendered":"\n<p id=\"Jornada-de-vacunacion\">El pasado s\u00e1bado 21 de noviembre se realiz\u00f3 la \u00faltima jornada nacional de vacunaci\u00f3n del a\u00f1o 2020. En Cali se&nbsp;inaugur\u00f3&nbsp;desde la&nbsp;Nueva EPS sede IPS Capitolio&nbsp;con la presencia&nbsp;de&nbsp;Miyerlandi Torres Agredo,&nbsp;secretaria de Salud P\u00fablica&nbsp;de Cali;&nbsp;Liliana Alarc\u00f3n, coordinadora PAI Municipal;&nbsp;Germ\u00e1n Andaluz, coordinador m\u00e9dico Nueva EPS y&nbsp;Ang\u00e9lica&nbsp;Gonz\u00e1les, coordinadora de Promoci\u00f3n &amp; Prevenci\u00f3n Nueva EPS.<\/p>\n\n\n\n<p>A lo largo del a\u00f1o se contemplaron diferentes jornadas de vacunaci\u00f3n para proteger a la poblaci\u00f3n colombiana de enfermedades tales como la&nbsp;influenza, rubeola, sarampi\u00f3n, fiebre amarilla, t\u00e9tanos, tambi\u00e9n se brindaron las vacunas que integran&nbsp;el esquema nacional para ni\u00f1os. En m\u00e1s de 150 puntos habilitados la poblaci\u00f3n cale\u00f1a pudo acceder a este servicio de vacunaci\u00f3n sin ning\u00fan costo.&nbsp;\u201cSabemos que las vacunas son&nbsp;muyimportantes,&nbsp;sobre todo en&nbsp;tiempo&nbsp;de&nbsp;pandemia. Es muy importante que todo mundo&nbsp;las tenga&nbsp;y su esquema de vacunaci\u00f3n&nbsp;se encuentre&nbsp;al d\u00eda;&nbsp;estas son gratis, sin barreras\u201drecalc\u00f3 Liliana Alarc\u00f3n.<\/p>\n\n\n\n<p>As\u00ed mismo, se&nbsp;invit\u00f3 a la poblaci\u00f3n en general a revisar su esquema para saber qu\u00e9 vacunas faltan y pueden ser adquiridas en las diferentes IPS de la ciudad.&nbsp;La&nbsp;poblaci\u00f3n que est\u00e1 contemplada dentro del esquema nacional de vacunaci\u00f3n y dada la emergencia sanitaria del COVID-19, son menores&nbsp;de 6 a\u00f1os,&nbsp;ni\u00f1as menores d 9 a\u00f1os,&nbsp;poblaci\u00f3n mayor de 50 a\u00f1os,&nbsp;mujeres embarazadas, j\u00f3venes hasta los18 a\u00f1os, poblaci\u00f3n de riesgo, adultos mayores&nbsp;y&nbsp;personal&nbsp;del sector salud.<\/p>\n\n\n\n<p>De acuerdo con Miyerlandi Torres, \u201cen estos tiempos de lluvia la gripa&nbsp;estacional&nbsp;est\u00e1 circulando muy fuertemente&nbsp;y&nbsp;se pueden confundir los s\u00edntomas deesta con los del&nbsp;COVID-19, pudiendo congestionar la capacidad de atenci\u00f3n,&nbsp;por ello&nbsp;es importante vacunarse&nbsp;contra la influenza&nbsp;y otras enfermedades, para as\u00ed&nbsp;cuidar nuestra salud y la de otros, disminuir&nbsp;la carga en prestaciones de servicio de salud&nbsp;y brindar una mejor atenci\u00f3n a todos\u201d.<\/p>\n\n\n\n<p>Por otra parte, Germ\u00e1n Andaluz&nbsp;destac\u00f3 que desde la IPS est\u00e1n comprometidos a brindar mejores servicios a la poblaci\u00f3n en general en medio de esta contingencia sanitaria. \u201cDesde esta IPS abrimos la puerta&nbsp;para&nbsp;la \u00faltima jornada de vacunaci\u00f3n, queremos decirles que,&nbsp;en medio de este a\u00f1o tan dif\u00edcil,&nbsp;todos&nbsp;estamos trabajando para&nbsp;ofrecer servicios cada d\u00eda m\u00e1s humanizados y&nbsp;m\u00e1s&nbsp;pertinentes&nbsp;para la poblaci\u00f3n. No solo&nbsp;abrimos las puertas de la sede&nbsp;sino tambi\u00e9n las de nuestros&nbsp;corazones\u201d.<\/p>\n\n\n\n<p>Desde Angiograf\u00eda de Occidente extendemos la invitaci\u00f3n a cumplir con todos los&nbsp;protocolos&nbsp;de bioseguridad&nbsp;en todo momento, as\u00ed como revisar el esquema de vacunaci\u00f3n&nbsp;y acercarse a la IPS m\u00e1s cercana&nbsp;en caso de necesitar vacuna alguna. Recuerda hacer uso responsable de las entidades de salud. #YoTeCuidoT\u00faMeCuidas.<\/p>\n","protected":false},"excerpt":{"rendered":"<p>El pasado s\u00e1bado 21 de noviembre se realiz\u00f3 la \u00faltima jornada nacional de vacunaci\u00f3n del a\u00f1o 2020. En Cali se&nbsp;inaugur\u00f3&nbsp;desde la&nbsp;Nueva EPS sede IPS Capitolio&nbsp;con la presencia&nbsp;de&nbsp;Miyerlandi Torres Agredo,&nbsp;secretaria de Salud P\u00fablica&nbsp;de Cali;&nbsp;Liliana Alarc\u00f3n, coordinadora PAI Municipal;&nbsp;Germ\u00e1n Andaluz, coordinador m\u00e9dico Nueva EPS y&nbsp;Ang\u00e9lica&nbsp;Gonz\u00e1les, coordinadora de Promoci\u00f3n &amp; Prevenci\u00f3n Nueva EPS. A lo largo del a\u00f1o [&hellip;]<\/p>\n","protected":false},"author":5,"featured_media":16754,"comment_status":"closed","ping_status":"closed","sticky":false,"template":"","format":"standard","meta":{"footnotes":""},"categories":[155,157],"tags":[],"class_list":["post-16753","post","type-post","status-publish","format-standard","has-post-thumbnail","hentry","category-noticiasangio","category-salud"],"yoast_head":"<!-- This site is optimized with the Yoast SEO plugin v27.4 - https:\/\/yoast.com\/product\/yoast-seo-wordpress\/ -->\n<title>Finaliza el ciclo de vacunaci\u00f3n en la IPS Capitolio<\/title>\n<meta name=\"description\" content=\"El pasado s\u00e1bado 21 de noviembre se realiz\u00f3 la \u00faltima jornada nacional de vacunaci\u00f3n del a\u00f1o 2020\" \/>\n<meta name=\"robots\" content=\"noindex, follow\" \/>\n<meta property=\"og:locale\" content=\"es_ES\" \/>\n<meta property=\"og:type\" content=\"article\" \/>\n<meta property=\"og:title\" content=\"Finaliza el ciclo de vacunaci\u00f3n en la IPS Capitolio\" \/>\n<meta property=\"og:description\" content=\"El pasado s\u00e1bado 21 de noviembre se realiz\u00f3 la \u00faltima jornada nacional de vacunaci\u00f3n del a\u00f1o 2020\" \/>\n<meta property=\"og:url\" content=\"https:\/\/www.angiografiadeoccidente.com.co\/angio\/jornadasdevacunacionipscapitolio\/\" \/>\n<meta property=\"og:site_name\" content=\"Angiograf\u00eda de Occidente\" \/>\n<meta property=\"article:publisher\" content=\"https:\/\/www.facebook.com\/angiografiadeoccidentesa\/\" \/>\n<meta property=\"article:published_time\" content=\"2020-11-24T22:43:41+00:00\" \/>\n<meta property=\"article:modified_time\" content=\"2025-12-03T18:46:44+00:00\" \/>\n<meta property=\"og:image\" content=\"https:\/\/www.angiografiadeoccidente.com.co\/angio\/wp-content\/uploads\/2020\/11\/3B13BAE7-027C-4314-91CE-04B240F91CE9.jpeg\" \/>\n\t<meta property=\"og:image:width\" content=\"2160\" \/>\n\t<meta property=\"og:image:height\" content=\"1308\" \/>\n\t<meta property=\"og:image:type\" content=\"image\/jpeg\" \/>\n<meta name=\"author\" content=\"comunicaciones\" \/>\n<meta name=\"twitter:card\" content=\"summary_large_image\" \/>\n<meta name=\"twitter:creator\" content=\"@angiografiadeo\" \/>\n<meta name=\"twitter:site\" content=\"@angiografiadeo\" \/>\n<meta name=\"twitter:label1\" content=\"Escrito por\" \/>\n\t<meta name=\"twitter:data1\" content=\"comunicaciones\" \/>\n\t<meta name=\"twitter:label2\" content=\"Tiempo de lectura\" \/>\n\t<meta name=\"twitter:data2\" content=\"2 minutos\" \/>\n<script type=\"application\/ld+json\" class=\"yoast-schema-graph\">{\"@context\":\"https:\\\/\\\/schema.org\",\"@graph\":[{\"@type\":\"Article\",\"@id\":\"https:\\\/\\\/www.angiografiadeoccidente.com.co\\\/angio\\\/jornadasdevacunacionipscapitolio\\\/#article\",\"isPartOf\":{\"@id\":\"https:\\\/\\\/www.angiografiadeoccidente.com.co\\\/angio\\\/jornadasdevacunacionipscapitolio\\\/\"},\"author\":{\"name\":\"comunicaciones\",\"@id\":\"https:\\\/\\\/www.angiografiadeoccidente.com.co\\\/angio\\\/#\\\/schema\\\/person\\\/b58ac12758998d725805c403aa6e38e7\"},\"headline\":\"Finaliza el ciclo de las jornadas de vacunaci\u00f3n en la IPS Capitolio\",\"datePublished\":\"2020-11-24T22:43:41+00:00\",\"dateModified\":\"2025-12-03T18:46:44+00:00\",\"mainEntityOfPage\":{\"@id\":\"https:\\\/\\\/www.angiografiadeoccidente.com.co\\\/angio\\\/jornadasdevacunacionipscapitolio\\\/\"},\"wordCount\":561,\"publisher\":{\"@id\":\"https:\\\/\\\/www.angiografiadeoccidente.com.co\\\/angio\\\/#organization\"},\"image\":{\"@id\":\"https:\\\/\\\/www.angiografiadeoccidente.com.co\\\/angio\\\/jornadasdevacunacionipscapitolio\\\/#primaryimage\"},\"thumbnailUrl\":\"https:\\\/\\\/www.angiografiadeoccidente.com.co\\\/angio\\\/wp-content\\\/uploads\\\/2020\\\/11\\\/3B13BAE7-027C-4314-91CE-04B240F91CE9.jpeg\",\"articleSection\":[\"Noticias Angio\",\"Salud\"],\"inLanguage\":\"es\"},{\"@type\":\"WebPage\",\"@id\":\"https:\\\/\\\/www.angiografiadeoccidente.com.co\\\/angio\\\/jornadasdevacunacionipscapitolio\\\/\",\"url\":\"https:\\\/\\\/www.angiografiadeoccidente.com.co\\\/angio\\\/jornadasdevacunacionipscapitolio\\\/\",\"name\":\"Finaliza el ciclo de vacunaci\u00f3n en la IPS Capitolio\",\"isPartOf\":{\"@id\":\"https:\\\/\\\/www.angiografiadeoccidente.com.co\\\/angio\\\/#website\"},\"primaryImageOfPage\":{\"@id\":\"https:\\\/\\\/www.angiografiadeoccidente.com.co\\\/angio\\\/jornadasdevacunacionipscapitolio\\\/#primaryimage\"},\"image\":{\"@id\":\"https:\\\/\\\/www.angiografiadeoccidente.com.co\\\/angio\\\/jornadasdevacunacionipscapitolio\\\/#primaryimage\"},\"thumbnailUrl\":\"https:\\\/\\\/www.angiografiadeoccidente.com.co\\\/angio\\\/wp-content\\\/uploads\\\/2020\\\/11\\\/3B13BAE7-027C-4314-91CE-04B240F91CE9.jpeg\",\"datePublished\":\"2020-11-24T22:43:41+00:00\",\"dateModified\":\"2025-12-03T18:46:44+00:00\",\"description\":\"El pasado s\u00e1bado 21 de noviembre se realiz\u00f3 la \u00faltima jornada nacional de vacunaci\u00f3n del a\u00f1o 2020\",\"breadcrumb\":{\"@id\":\"https:\\\/\\\/www.angiografiadeoccidente.com.co\\\/angio\\\/jornadasdevacunacionipscapitolio\\\/#breadcrumb\"},\"inLanguage\":\"es\",\"potentialAction\":[{\"@type\":\"ReadAction\",\"target\":[\"https:\\\/\\\/www.angiografiadeoccidente.com.co\\\/angio\\\/jornadasdevacunacionipscapitolio\\\/\"]}]},{\"@type\":\"ImageObject\",\"inLanguage\":\"es\",\"@id\":\"https:\\\/\\\/www.angiografiadeoccidente.com.co\\\/angio\\\/jornadasdevacunacionipscapitolio\\\/#primaryimage\",\"url\":\"https:\\\/\\\/www.angiografiadeoccidente.com.co\\\/angio\\\/wp-content\\\/uploads\\\/2020\\\/11\\\/3B13BAE7-027C-4314-91CE-04B240F91CE9.jpeg\",\"contentUrl\":\"https:\\\/\\\/www.angiografiadeoccidente.com.co\\\/angio\\\/wp-content\\\/uploads\\\/2020\\\/11\\\/3B13BAE7-027C-4314-91CE-04B240F91CE9.jpeg\",\"width\":2160,\"height\":1308},{\"@type\":\"BreadcrumbList\",\"@id\":\"https:\\\/\\\/www.angiografiadeoccidente.com.co\\\/angio\\\/jornadasdevacunacionipscapitolio\\\/#breadcrumb\",\"itemListElement\":[{\"@type\":\"ListItem\",\"position\":1,\"name\":\"Portada\",\"item\":\"https:\\\/\\\/www.angiografiadeoccidente.com.co\\\/angio\\\/\"},{\"@type\":\"ListItem\",\"position\":2,\"name\":\"Finaliza el ciclo de las jornadas de vacunaci\u00f3n en la IPS Capitolio\"}]},{\"@type\":\"WebSite\",\"@id\":\"https:\\\/\\\/www.angiografiadeoccidente.com.co\\\/angio\\\/#website\",\"url\":\"https:\\\/\\\/www.angiografiadeoccidente.com.co\\\/angio\\\/\",\"name\":\"Angiograf\u00eda de Occidente\",\"description\":\"\",\"publisher\":{\"@id\":\"https:\\\/\\\/www.angiografiadeoccidente.com.co\\\/angio\\\/#organization\"},\"potentialAction\":[{\"@type\":\"SearchAction\",\"target\":{\"@type\":\"EntryPoint\",\"urlTemplate\":\"https:\\\/\\\/www.angiografiadeoccidente.com.co\\\/angio\\\/?s={search_term_string}\"},\"query-input\":{\"@type\":\"PropertyValueSpecification\",\"valueRequired\":true,\"valueName\":\"search_term_string\"}}],\"inLanguage\":\"es\"},{\"@type\":\"Organization\",\"@id\":\"https:\\\/\\\/www.angiografiadeoccidente.com.co\\\/angio\\\/#organization\",\"name\":\"ANGIOGRAF\u00cdA DE OCCIDENTE\",\"url\":\"https:\\\/\\\/www.angiografiadeoccidente.com.co\\\/angio\\\/\",\"logo\":{\"@type\":\"ImageObject\",\"inLanguage\":\"es\",\"@id\":\"https:\\\/\\\/www.angiografiadeoccidente.com.co\\\/angio\\\/#\\\/schema\\\/logo\\\/image\\\/\",\"url\":\"https:\\\/\\\/www.angiografiadeoccidente.com.co\\\/angio\\\/wp-content\\\/uploads\\\/2020\\\/06\\\/color-horizontal.png\",\"contentUrl\":\"https:\\\/\\\/www.angiografiadeoccidente.com.co\\\/angio\\\/wp-content\\\/uploads\\\/2020\\\/06\\\/color-horizontal.png\",\"width\":500,\"height\":155,\"caption\":\"ANGIOGRAF\u00cdA DE OCCIDENTE\"},\"image\":{\"@id\":\"https:\\\/\\\/www.angiografiadeoccidente.com.co\\\/angio\\\/#\\\/schema\\\/logo\\\/image\\\/\"},\"sameAs\":[\"https:\\\/\\\/www.facebook.com\\\/angiografiadeoccidentesa\\\/\",\"https:\\\/\\\/x.com\\\/angiografiadeo\",\"https:\\\/\\\/www.instagram.com\\\/angiografiadeoccidente\\\/\",\"https:\\\/\\\/www.linkedin.com\\\/in\\\/angiografiadeoccidente\\\/\",\"https:\\\/\\\/www.youtube.com\\\/channel\\\/UChja9ImlUP-vGj_ZZx5mH2A?view_as=subscriber\"]},{\"@type\":\"Person\",\"@id\":\"https:\\\/\\\/www.angiografiadeoccidente.com.co\\\/angio\\\/#\\\/schema\\\/person\\\/b58ac12758998d725805c403aa6e38e7\",\"name\":\"comunicaciones\",\"image\":{\"@type\":\"ImageObject\",\"inLanguage\":\"es\",\"@id\":\"https:\\\/\\\/secure.gravatar.com\\\/avatar\\\/f2429596063288182014d244741ac823aaed2ed770eb52de304b6fb4bd15268c?s=96&d=mm&r=g\",\"url\":\"https:\\\/\\\/secure.gravatar.com\\\/avatar\\\/f2429596063288182014d244741ac823aaed2ed770eb52de304b6fb4bd15268c?s=96&d=mm&r=g\",\"contentUrl\":\"https:\\\/\\\/secure.gravatar.com\\\/avatar\\\/f2429596063288182014d244741ac823aaed2ed770eb52de304b6fb4bd15268c?s=96&d=mm&r=g\",\"caption\":\"comunicaciones\"}}]}<\/script>\n<!-- \/ Yoast SEO plugin. -->","yoast_head_json":{"title":"Finaliza el ciclo de vacunaci\u00f3n en la IPS Capitolio","description":"El pasado s\u00e1bado 21 de noviembre se realiz\u00f3 la \u00faltima jornada nacional de vacunaci\u00f3n del a\u00f1o 2020","robots":{"index":"noindex","follow":"follow"},"og_locale":"es_ES","og_type":"article","og_title":"Finaliza el ciclo de vacunaci\u00f3n en la IPS Capitolio","og_description":"El pasado s\u00e1bado 21 de noviembre se realiz\u00f3 la \u00faltima jornada nacional de vacunaci\u00f3n del a\u00f1o 2020","og_url":"https:\/\/www.angiografiadeoccidente.com.co\/angio\/jornadasdevacunacionipscapitolio\/","og_site_name":"Angiograf\u00eda de Occidente","article_publisher":"https:\/\/www.facebook.com\/angiografiadeoccidentesa\/","article_published_time":"2020-11-24T22:43:41+00:00","article_modified_time":"2025-12-03T18:46:44+00:00","og_image":[{"width":2160,"height":1308,"url":"https:\/\/www.angiografiadeoccidente.com.co\/angio\/wp-content\/uploads\/2020\/11\/3B13BAE7-027C-4314-91CE-04B240F91CE9.jpeg","type":"image\/jpeg"}],"author":"comunicaciones","twitter_card":"summary_large_image","twitter_creator":"@angiografiadeo","twitter_site":"@angiografiadeo","twitter_misc":{"Escrito por":"comunicaciones","Tiempo de lectura":"2 minutos"},"schema":{"@context":"https:\/\/schema.org","@graph":[{"@type":"Article","@id":"https:\/\/www.angiografiadeoccidente.com.co\/angio\/jornadasdevacunacionipscapitolio\/#article","isPartOf":{"@id":"https:\/\/www.angiografiadeoccidente.com.co\/angio\/jornadasdevacunacionipscapitolio\/"},"author":{"name":"comunicaciones","@id":"https:\/\/www.angiografiadeoccidente.com.co\/angio\/#\/schema\/person\/b58ac12758998d725805c403aa6e38e7"},"headline":"Finaliza el ciclo de las jornadas de vacunaci\u00f3n en la IPS Capitolio","datePublished":"2020-11-24T22:43:41+00:00","dateModified":"2025-12-03T18:46:44+00:00","mainEntityOfPage":{"@id":"https:\/\/www.angiografiadeoccidente.com.co\/angio\/jornadasdevacunacionipscapitolio\/"},"wordCount":561,"publisher":{"@id":"https:\/\/www.angiografiadeoccidente.com.co\/angio\/#organization"},"image":{"@id":"https:\/\/www.angiografiadeoccidente.com.co\/angio\/jornadasdevacunacionipscapitolio\/#primaryimage"},"thumbnailUrl":"https:\/\/www.angiografiadeoccidente.com.co\/angio\/wp-content\/uploads\/2020\/11\/3B13BAE7-027C-4314-91CE-04B240F91CE9.jpeg","articleSection":["Noticias Angio","Salud"],"inLanguage":"es"},{"@type":"WebPage","@id":"https:\/\/www.angiografiadeoccidente.com.co\/angio\/jornadasdevacunacionipscapitolio\/","url":"https:\/\/www.angiografiadeoccidente.com.co\/angio\/jornadasdevacunacionipscapitolio\/","name":"Finaliza el ciclo de vacunaci\u00f3n en la IPS Capitolio","isPartOf":{"@id":"https:\/\/www.angiografiadeoccidente.com.co\/angio\/#website"},"primaryImageOfPage":{"@id":"https:\/\/www.angiografiadeoccidente.com.co\/angio\/jornadasdevacunacionipscapitolio\/#primaryimage"},"image":{"@id":"https:\/\/www.angiografiadeoccidente.com.co\/angio\/jornadasdevacunacionipscapitolio\/#primaryimage"},"thumbnailUrl":"https:\/\/www.angiografiadeoccidente.com.co\/angio\/wp-content\/uploads\/2020\/11\/3B13BAE7-027C-4314-91CE-04B240F91CE9.jpeg","datePublished":"2020-11-24T22:43:41+00:00","dateModified":"2025-12-03T18:46:44+00:00","description":"El pasado s\u00e1bado 21 de noviembre se realiz\u00f3 la \u00faltima jornada nacional de vacunaci\u00f3n del a\u00f1o 2020","breadcrumb":{"@id":"https:\/\/www.angiografiadeoccidente.com.co\/angio\/jornadasdevacunacionipscapitolio\/#breadcrumb"},"inLanguage":"es","potentialAction":[{"@type":"ReadAction","target":["https:\/\/www.angiografiadeoccidente.com.co\/angio\/jornadasdevacunacionipscapitolio\/"]}]},{"@type":"ImageObject","inLanguage":"es","@id":"https:\/\/www.angiografiadeoccidente.com.co\/angio\/jornadasdevacunacionipscapitolio\/#primaryimage","url":"https:\/\/www.angiografiadeoccidente.com.co\/angio\/wp-content\/uploads\/2020\/11\/3B13BAE7-027C-4314-91CE-04B240F91CE9.jpeg","contentUrl":"https:\/\/www.angiografiadeoccidente.com.co\/angio\/wp-content\/uploads\/2020\/11\/3B13BAE7-027C-4314-91CE-04B240F91CE9.jpeg","width":2160,"height":1308},{"@type":"BreadcrumbList","@id":"https:\/\/www.angiografiadeoccidente.com.co\/angio\/jornadasdevacunacionipscapitolio\/#breadcrumb","itemListElement":[{"@type":"ListItem","position":1,"name":"Portada","item":"https:\/\/www.angiografiadeoccidente.com.co\/angio\/"},{"@type":"ListItem","position":2,"name":"Finaliza el ciclo de las jornadas de vacunaci\u00f3n en la IPS Capitolio"}]},{"@type":"WebSite","@id":"https:\/\/www.angiografiadeoccidente.com.co\/angio\/#website","url":"https:\/\/www.angiografiadeoccidente.com.co\/angio\/","name":"Angiograf\u00eda de Occidente","description":"","publisher":{"@id":"https:\/\/www.angiografiadeoccidente.com.co\/angio\/#organization"},"potentialAction":[{"@type":"SearchAction","target":{"@type":"EntryPoint","urlTemplate":"https:\/\/www.angiografiadeoccidente.com.co\/angio\/?s={search_term_string}"},"query-input":{"@type":"PropertyValueSpecification","valueRequired":true,"valueName":"search_term_string"}}],"inLanguage":"es"},{"@type":"Organization","@id":"https:\/\/www.angiografiadeoccidente.com.co\/angio\/#organization","name":"ANGIOGRAF\u00cdA DE OCCIDENTE","url":"https:\/\/www.angiografiadeoccidente.com.co\/angio\/","logo":{"@type":"ImageObject","inLanguage":"es","@id":"https:\/\/www.angiografiadeoccidente.com.co\/angio\/#\/schema\/logo\/image\/","url":"https:\/\/www.angiografiadeoccidente.com.co\/angio\/wp-content\/uploads\/2020\/06\/color-horizontal.png","contentUrl":"https:\/\/www.angiografiadeoccidente.com.co\/angio\/wp-content\/uploads\/2020\/06\/color-horizontal.png","width":500,"height":155,"caption":"ANGIOGRAF\u00cdA DE OCCIDENTE"},"image":{"@id":"https:\/\/www.angiografiadeoccidente.com.co\/angio\/#\/schema\/logo\/image\/"},"sameAs":["https:\/\/www.facebook.com\/angiografiadeoccidentesa\/","https:\/\/x.com\/angiografiadeo","https:\/\/www.instagram.com\/angiografiadeoccidente\/","https:\/\/www.linkedin.com\/in\/angiografiadeoccidente\/","https:\/\/www.youtube.com\/channel\/UChja9ImlUP-vGj_ZZx5mH2A?view_as=subscriber"]},{"@type":"Person","@id":"https:\/\/www.angiografiadeoccidente.com.co\/angio\/#\/schema\/person\/b58ac12758998d725805c403aa6e38e7","name":"comunicaciones","image":{"@type":"ImageObject","inLanguage":"es","@id":"https:\/\/secure.gravatar.com\/avatar\/f2429596063288182014d244741ac823aaed2ed770eb52de304b6fb4bd15268c?s=96&d=mm&r=g","url":"https:\/\/secure.gravatar.com\/avatar\/f2429596063288182014d244741ac823aaed2ed770eb52de304b6fb4bd15268c?s=96&d=mm&r=g","contentUrl":"https:\/\/secure.gravatar.com\/avatar\/f2429596063288182014d244741ac823aaed2ed770eb52de304b6fb4bd15268c?s=96&d=mm&r=g","caption":"comunicaciones"}}]}},"_links":{"self":[{"href":"https:\/\/www.angiografiadeoccidente.com.co\/angio\/wp-json\/wp\/v2\/posts\/16753","targetHints":{"allow":["GET"]}}],"collection":[{"href":"https:\/\/www.angiografiadeoccidente.com.co\/angio\/wp-json\/wp\/v2\/posts"}],"about":[{"href":"https:\/\/www.angiografiadeoccidente.com.co\/angio\/wp-json\/wp\/v2\/types\/post"}],"author":[{"embeddable":true,"href":"https:\/\/www.angiografiadeoccidente.com.co\/angio\/wp-json\/wp\/v2\/users\/5"}],"replies":[{"embeddable":true,"href":"https:\/\/www.angiografiadeoccidente.com.co\/angio\/wp-json\/wp\/v2\/comments?post=16753"}],"version-history":[{"count":1,"href":"https:\/\/www.angiografiadeoccidente.com.co\/angio\/wp-json\/wp\/v2\/posts\/16753\/revisions"}],"predecessor-version":[{"id":16755,"href":"https:\/\/www.angiografiadeoccidente.com.co\/angio\/wp-json\/wp\/v2\/posts\/16753\/revisions\/16755"}],"wp:featuredmedia":[{"embeddable":true,"href":"https:\/\/www.angiografiadeoccidente.com.co\/angio\/wp-json\/wp\/v2\/media\/16754"}],"wp:attachment":[{"href":"https:\/\/www.angiografiadeoccidente.com.co\/angio\/wp-json\/wp\/v2\/media?parent=16753"}],"wp:term":[{"taxonomy":"category","embeddable":true,"href":"https:\/\/www.angiografiadeoccidente.com.co\/angio\/wp-json\/wp\/v2\/categories?post=16753"},{"taxonomy":"post_tag","embeddable":true,"href":"https:\/\/www.angiografiadeoccidente.com.co\/angio\/wp-json\/wp\/v2\/tags?post=16753"}],"curies":[{"name":"wp","href":"https:\/\/api.w.org\/{rel}","templated":true}]}}