{"id":17362,"date":"2021-03-03T13:47:55","date_gmt":"2021-03-03T13:47:55","guid":{"rendered":"https:\/\/www.angiografiadeoccidente.com.co\/website2020\/wordpress\/?p=17362"},"modified":"2025-12-03T18:41:44","modified_gmt":"2025-12-03T18:41:44","slug":"jornada-de-vacunacion-covid-19-en-la-ips-sede-capitolio-cali","status":"publish","type":"post","link":"https:\/\/www.angiografiadeoccidente.com.co\/angio\/jornada-de-vacunacion-covid-19-en-la-ips-sede-capitolio-cali\/","title":{"rendered":"Jornada de Vacunaci\u00f3n Covid 19 en la IPS sede Capitolio, Cali"},"content":{"rendered":"\n<p>El pasado&nbsp;<em>domingo 28 de febrero del 2021<\/em>&nbsp;iniciamos exitosamente el proceso de vacunaci\u00f3n en nuestras IPS Villacolombia, V\u00e1squez Cobo y Capitolio. As\u00ed, contribuimos a la salud, bienestar y control del Covid-19 entre los usuarios y el territorio nacional.<\/p>\n\n\n\n<p>La jornada de vacunaci\u00f3n, dirigida inicialmente para usuarios mayores de 80 a\u00f1os y talento humano en salud, se encuentra atendida en campamentos de vacunaci\u00f3n designados \u00fanicamente para tal fin y ha sido desarrollada de manera eficaz por parte de nuestro personal capacitado en las diferentes IPS. As\u00ed, se ha garantizado un excelente servicio para los usuarios.<\/p>\n\n\n\n<p>Respecto a ello, Gloria Guevara, Auxiliar de Enfermer\u00eda en IPS Capitolio, afirma que se encuentran realizando un detallado proceso de vacunaci\u00f3n, brindando acompa\u00f1amiento y atenci\u00f3n humanizada durante el recibimiento de los pacientes, la aplicaci\u00f3n de dosis y etapas posteriores. Con ello, se confirma que el paciente se encuentra apto para la vacuna, se aplica la dosis, se genera una observaci\u00f3n post-aplicaci\u00f3n y se brindan dem\u00e1s indicaciones requeridas.&nbsp;<\/p>\n\n\n\n<p>Durante la jornada, Andrea Carrillo, acompa\u00f1ante de una usuaria vacunada, enfatiz\u00f3 en la importancia de ejercer el proceso para lograr inmunizaci\u00f3n y proteger a los pacientes de posibles complicaciones. Adem\u00e1s, a\u00f1adi\u00f3 que el punto de vacunaci\u00f3n implementado en nuestras IPS \u201ces seguro, r\u00e1pido, el acceso es adecuado y hay distanciamiento entre personas\u201d.&nbsp;<\/p>\n\n\n\n<p>Si quieres conocer m\u00e1s informaci\u00f3n sobre nuestro proceso de vacunaci\u00f3n y dem\u00e1s acciones realizadas, te invitamos a seguirnos en nuestras redes sociales: Facebook, Instagram, Twitter y YouTube como @Angiografiadeoccidente.<\/p>\n\n\n\n<p><strong>Nota realizada por: Mar\u00eda Antonia Gonz\u00e1lez Casas, Analista de Comunicaciones &#8211; &nbsp;Angiograf\u00eda de Occidente.<\/strong><\/p>\n","protected":false},"excerpt":{"rendered":"<p>El pasado&nbsp;domingo 28 de febrero del 2021&nbsp;iniciamos exitosamente el proceso de vacunaci\u00f3n en nuestras IPS Villacolombia, V\u00e1squez Cobo y Capitolio. As\u00ed, contribuimos a la salud, bienestar y control del Covid-19 entre los usuarios y el territorio nacional. La jornada de vacunaci\u00f3n, dirigida inicialmente para usuarios mayores de 80 a\u00f1os y talento humano en salud, se [&hellip;]<\/p>\n","protected":false},"author":5,"featured_media":17363,"comment_status":"closed","ping_status":"closed","sticky":false,"template":"","format":"standard","meta":{"footnotes":""},"categories":[155,157],"tags":[],"class_list":["post-17362","post","type-post","status-publish","format-standard","has-post-thumbnail","hentry","category-noticiasangio","category-salud"],"yoast_head":"<!-- This site is optimized with the Yoast SEO plugin v27.4 - https:\/\/yoast.com\/product\/yoast-seo-wordpress\/ -->\n<title>Jornada de Vacunaci\u00f3n Covid 19 en la IPS sede Capitolio, Cali | Angiograf\u00eda de Occidente<\/title>\n<meta name=\"robots\" content=\"noindex, follow\" \/>\n<meta property=\"og:locale\" content=\"es_ES\" \/>\n<meta property=\"og:type\" content=\"article\" \/>\n<meta property=\"og:title\" content=\"Jornada de Vacunaci\u00f3n Covid 19 en la IPS sede Capitolio, Cali | Angiograf\u00eda de Occidente\" \/>\n<meta property=\"og:description\" content=\"El pasado&nbsp;domingo 28 de febrero del 2021&nbsp;iniciamos exitosamente el proceso de vacunaci\u00f3n en nuestras IPS Villacolombia, V\u00e1squez Cobo y Capitolio. As\u00ed, contribuimos a la salud, bienestar y control del Covid-19 entre los usuarios y el territorio nacional. La jornada de vacunaci\u00f3n, dirigida inicialmente para usuarios mayores de 80 a\u00f1os y talento humano en salud, se [&hellip;]\" \/>\n<meta property=\"og:url\" content=\"https:\/\/www.angiografiadeoccidente.com.co\/angio\/jornada-de-vacunacion-covid-19-en-la-ips-sede-capitolio-cali\/\" \/>\n<meta property=\"og:site_name\" content=\"Angiograf\u00eda de Occidente\" \/>\n<meta property=\"article:publisher\" content=\"https:\/\/www.facebook.com\/angiografiadeoccidentesa\/\" \/>\n<meta property=\"article:published_time\" content=\"2021-03-03T13:47:55+00:00\" \/>\n<meta property=\"article:modified_time\" content=\"2025-12-03T18:41:44+00:00\" \/>\n<meta property=\"og:image\" content=\"https:\/\/www.angiografiadeoccidente.com.co\/angio\/wp-content\/uploads\/2021\/03\/F60BB037-8CC8-4EDA-BE74-C28C753E1BB5-1024x725.png\" \/>\n\t<meta property=\"og:image:width\" content=\"1024\" \/>\n\t<meta property=\"og:image:height\" content=\"725\" \/>\n\t<meta property=\"og:image:type\" content=\"image\/png\" \/>\n<meta name=\"author\" content=\"comunicaciones\" \/>\n<meta name=\"twitter:card\" content=\"summary_large_image\" \/>\n<meta name=\"twitter:creator\" content=\"@angiografiadeo\" \/>\n<meta name=\"twitter:site\" content=\"@angiografiadeo\" \/>\n<meta name=\"twitter:label1\" content=\"Escrito por\" \/>\n\t<meta name=\"twitter:data1\" content=\"comunicaciones\" \/>\n\t<meta name=\"twitter:label2\" content=\"Tiempo de lectura\" \/>\n\t<meta name=\"twitter:data2\" content=\"2 minutos\" \/>\n<script type=\"application\/ld+json\" class=\"yoast-schema-graph\">{\"@context\":\"https:\\\/\\\/schema.org\",\"@graph\":[{\"@type\":\"Article\",\"@id\":\"https:\\\/\\\/www.angiografiadeoccidente.com.co\\\/angio\\\/jornada-de-vacunacion-covid-19-en-la-ips-sede-capitolio-cali\\\/#article\",\"isPartOf\":{\"@id\":\"https:\\\/\\\/www.angiografiadeoccidente.com.co\\\/angio\\\/jornada-de-vacunacion-covid-19-en-la-ips-sede-capitolio-cali\\\/\"},\"author\":{\"name\":\"comunicaciones\",\"@id\":\"https:\\\/\\\/www.angiografiadeoccidente.com.co\\\/angio\\\/#\\\/schema\\\/person\\\/b58ac12758998d725805c403aa6e38e7\"},\"headline\":\"Jornada de Vacunaci\u00f3n Covid 19 en la IPS sede Capitolio, Cali\",\"datePublished\":\"2021-03-03T13:47:55+00:00\",\"dateModified\":\"2025-12-03T18:41:44+00:00\",\"mainEntityOfPage\":{\"@id\":\"https:\\\/\\\/www.angiografiadeoccidente.com.co\\\/angio\\\/jornada-de-vacunacion-covid-19-en-la-ips-sede-capitolio-cali\\\/\"},\"wordCount\":296,\"publisher\":{\"@id\":\"https:\\\/\\\/www.angiografiadeoccidente.com.co\\\/angio\\\/#organization\"},\"image\":{\"@id\":\"https:\\\/\\\/www.angiografiadeoccidente.com.co\\\/angio\\\/jornada-de-vacunacion-covid-19-en-la-ips-sede-capitolio-cali\\\/#primaryimage\"},\"thumbnailUrl\":\"https:\\\/\\\/www.angiografiadeoccidente.com.co\\\/angio\\\/wp-content\\\/uploads\\\/2021\\\/03\\\/F60BB037-8CC8-4EDA-BE74-C28C753E1BB5.png\",\"articleSection\":[\"Noticias Angio\",\"Salud\"],\"inLanguage\":\"es\"},{\"@type\":\"WebPage\",\"@id\":\"https:\\\/\\\/www.angiografiadeoccidente.com.co\\\/angio\\\/jornada-de-vacunacion-covid-19-en-la-ips-sede-capitolio-cali\\\/\",\"url\":\"https:\\\/\\\/www.angiografiadeoccidente.com.co\\\/angio\\\/jornada-de-vacunacion-covid-19-en-la-ips-sede-capitolio-cali\\\/\",\"name\":\"Jornada de Vacunaci\u00f3n Covid 19 en la IPS sede Capitolio, Cali | Angiograf\u00eda de Occidente\",\"isPartOf\":{\"@id\":\"https:\\\/\\\/www.angiografiadeoccidente.com.co\\\/angio\\\/#website\"},\"primaryImageOfPage\":{\"@id\":\"https:\\\/\\\/www.angiografiadeoccidente.com.co\\\/angio\\\/jornada-de-vacunacion-covid-19-en-la-ips-sede-capitolio-cali\\\/#primaryimage\"},\"image\":{\"@id\":\"https:\\\/\\\/www.angiografiadeoccidente.com.co\\\/angio\\\/jornada-de-vacunacion-covid-19-en-la-ips-sede-capitolio-cali\\\/#primaryimage\"},\"thumbnailUrl\":\"https:\\\/\\\/www.angiografiadeoccidente.com.co\\\/angio\\\/wp-content\\\/uploads\\\/2021\\\/03\\\/F60BB037-8CC8-4EDA-BE74-C28C753E1BB5.png\",\"datePublished\":\"2021-03-03T13:47:55+00:00\",\"dateModified\":\"2025-12-03T18:41:44+00:00\",\"breadcrumb\":{\"@id\":\"https:\\\/\\\/www.angiografiadeoccidente.com.co\\\/angio\\\/jornada-de-vacunacion-covid-19-en-la-ips-sede-capitolio-cali\\\/#breadcrumb\"},\"inLanguage\":\"es\",\"potentialAction\":[{\"@type\":\"ReadAction\",\"target\":[\"https:\\\/\\\/www.angiografiadeoccidente.com.co\\\/angio\\\/jornada-de-vacunacion-covid-19-en-la-ips-sede-capitolio-cali\\\/\"]}]},{\"@type\":\"ImageObject\",\"inLanguage\":\"es\",\"@id\":\"https:\\\/\\\/www.angiografiadeoccidente.com.co\\\/angio\\\/jornada-de-vacunacion-covid-19-en-la-ips-sede-capitolio-cali\\\/#primaryimage\",\"url\":\"https:\\\/\\\/www.angiografiadeoccidente.com.co\\\/angio\\\/wp-content\\\/uploads\\\/2021\\\/03\\\/F60BB037-8CC8-4EDA-BE74-C28C753E1BB5.png\",\"contentUrl\":\"https:\\\/\\\/www.angiografiadeoccidente.com.co\\\/angio\\\/wp-content\\\/uploads\\\/2021\\\/03\\\/F60BB037-8CC8-4EDA-BE74-C28C753E1BB5.png\",\"width\":2947,\"height\":2087},{\"@type\":\"BreadcrumbList\",\"@id\":\"https:\\\/\\\/www.angiografiadeoccidente.com.co\\\/angio\\\/jornada-de-vacunacion-covid-19-en-la-ips-sede-capitolio-cali\\\/#breadcrumb\",\"itemListElement\":[{\"@type\":\"ListItem\",\"position\":1,\"name\":\"Portada\",\"item\":\"https:\\\/\\\/www.angiografiadeoccidente.com.co\\\/angio\\\/\"},{\"@type\":\"ListItem\",\"position\":2,\"name\":\"Jornada de Vacunaci\u00f3n Covid 19 en la IPS sede Capitolio, Cali\"}]},{\"@type\":\"WebSite\",\"@id\":\"https:\\\/\\\/www.angiografiadeoccidente.com.co\\\/angio\\\/#website\",\"url\":\"https:\\\/\\\/www.angiografiadeoccidente.com.co\\\/angio\\\/\",\"name\":\"Angiograf\u00eda de Occidente\",\"description\":\"\",\"publisher\":{\"@id\":\"https:\\\/\\\/www.angiografiadeoccidente.com.co\\\/angio\\\/#organization\"},\"potentialAction\":[{\"@type\":\"SearchAction\",\"target\":{\"@type\":\"EntryPoint\",\"urlTemplate\":\"https:\\\/\\\/www.angiografiadeoccidente.com.co\\\/angio\\\/?s={search_term_string}\"},\"query-input\":{\"@type\":\"PropertyValueSpecification\",\"valueRequired\":true,\"valueName\":\"search_term_string\"}}],\"inLanguage\":\"es\"},{\"@type\":\"Organization\",\"@id\":\"https:\\\/\\\/www.angiografiadeoccidente.com.co\\\/angio\\\/#organization\",\"name\":\"ANGIOGRAF\u00cdA DE OCCIDENTE\",\"url\":\"https:\\\/\\\/www.angiografiadeoccidente.com.co\\\/angio\\\/\",\"logo\":{\"@type\":\"ImageObject\",\"inLanguage\":\"es\",\"@id\":\"https:\\\/\\\/www.angiografiadeoccidente.com.co\\\/angio\\\/#\\\/schema\\\/logo\\\/image\\\/\",\"url\":\"https:\\\/\\\/www.angiografiadeoccidente.com.co\\\/angio\\\/wp-content\\\/uploads\\\/2020\\\/06\\\/color-horizontal.png\",\"contentUrl\":\"https:\\\/\\\/www.angiografiadeoccidente.com.co\\\/angio\\\/wp-content\\\/uploads\\\/2020\\\/06\\\/color-horizontal.png\",\"width\":500,\"height\":155,\"caption\":\"ANGIOGRAF\u00cdA DE OCCIDENTE\"},\"image\":{\"@id\":\"https:\\\/\\\/www.angiografiadeoccidente.com.co\\\/angio\\\/#\\\/schema\\\/logo\\\/image\\\/\"},\"sameAs\":[\"https:\\\/\\\/www.facebook.com\\\/angiografiadeoccidentesa\\\/\",\"https:\\\/\\\/x.com\\\/angiografiadeo\",\"https:\\\/\\\/www.instagram.com\\\/angiografiadeoccidente\\\/\",\"https:\\\/\\\/www.linkedin.com\\\/in\\\/angiografiadeoccidente\\\/\",\"https:\\\/\\\/www.youtube.com\\\/channel\\\/UChja9ImlUP-vGj_ZZx5mH2A?view_as=subscriber\"]},{\"@type\":\"Person\",\"@id\":\"https:\\\/\\\/www.angiografiadeoccidente.com.co\\\/angio\\\/#\\\/schema\\\/person\\\/b58ac12758998d725805c403aa6e38e7\",\"name\":\"comunicaciones\",\"image\":{\"@type\":\"ImageObject\",\"inLanguage\":\"es\",\"@id\":\"https:\\\/\\\/secure.gravatar.com\\\/avatar\\\/f2429596063288182014d244741ac823aaed2ed770eb52de304b6fb4bd15268c?s=96&d=mm&r=g\",\"url\":\"https:\\\/\\\/secure.gravatar.com\\\/avatar\\\/f2429596063288182014d244741ac823aaed2ed770eb52de304b6fb4bd15268c?s=96&d=mm&r=g\",\"contentUrl\":\"https:\\\/\\\/secure.gravatar.com\\\/avatar\\\/f2429596063288182014d244741ac823aaed2ed770eb52de304b6fb4bd15268c?s=96&d=mm&r=g\",\"caption\":\"comunicaciones\"}}]}<\/script>\n<!-- \/ Yoast SEO plugin. -->","yoast_head_json":{"title":"Jornada de Vacunaci\u00f3n Covid 19 en la IPS sede Capitolio, Cali | Angiograf\u00eda de Occidente","robots":{"index":"noindex","follow":"follow"},"og_locale":"es_ES","og_type":"article","og_title":"Jornada de Vacunaci\u00f3n Covid 19 en la IPS sede Capitolio, Cali | Angiograf\u00eda de Occidente","og_description":"El pasado&nbsp;domingo 28 de febrero del 2021&nbsp;iniciamos exitosamente el proceso de vacunaci\u00f3n en nuestras IPS Villacolombia, V\u00e1squez Cobo y Capitolio. As\u00ed, contribuimos a la salud, bienestar y control del Covid-19 entre los usuarios y el territorio nacional. La jornada de vacunaci\u00f3n, dirigida inicialmente para usuarios mayores de 80 a\u00f1os y talento humano en salud, se [&hellip;]","og_url":"https:\/\/www.angiografiadeoccidente.com.co\/angio\/jornada-de-vacunacion-covid-19-en-la-ips-sede-capitolio-cali\/","og_site_name":"Angiograf\u00eda de Occidente","article_publisher":"https:\/\/www.facebook.com\/angiografiadeoccidentesa\/","article_published_time":"2021-03-03T13:47:55+00:00","article_modified_time":"2025-12-03T18:41:44+00:00","og_image":[{"width":1024,"height":725,"url":"https:\/\/www.angiografiadeoccidente.com.co\/angio\/wp-content\/uploads\/2021\/03\/F60BB037-8CC8-4EDA-BE74-C28C753E1BB5-1024x725.png","type":"image\/png"}],"author":"comunicaciones","twitter_card":"summary_large_image","twitter_creator":"@angiografiadeo","twitter_site":"@angiografiadeo","twitter_misc":{"Escrito por":"comunicaciones","Tiempo de lectura":"2 minutos"},"schema":{"@context":"https:\/\/schema.org","@graph":[{"@type":"Article","@id":"https:\/\/www.angiografiadeoccidente.com.co\/angio\/jornada-de-vacunacion-covid-19-en-la-ips-sede-capitolio-cali\/#article","isPartOf":{"@id":"https:\/\/www.angiografiadeoccidente.com.co\/angio\/jornada-de-vacunacion-covid-19-en-la-ips-sede-capitolio-cali\/"},"author":{"name":"comunicaciones","@id":"https:\/\/www.angiografiadeoccidente.com.co\/angio\/#\/schema\/person\/b58ac12758998d725805c403aa6e38e7"},"headline":"Jornada de Vacunaci\u00f3n Covid 19 en la IPS sede Capitolio, Cali","datePublished":"2021-03-03T13:47:55+00:00","dateModified":"2025-12-03T18:41:44+00:00","mainEntityOfPage":{"@id":"https:\/\/www.angiografiadeoccidente.com.co\/angio\/jornada-de-vacunacion-covid-19-en-la-ips-sede-capitolio-cali\/"},"wordCount":296,"publisher":{"@id":"https:\/\/www.angiografiadeoccidente.com.co\/angio\/#organization"},"image":{"@id":"https:\/\/www.angiografiadeoccidente.com.co\/angio\/jornada-de-vacunacion-covid-19-en-la-ips-sede-capitolio-cali\/#primaryimage"},"thumbnailUrl":"https:\/\/www.angiografiadeoccidente.com.co\/angio\/wp-content\/uploads\/2021\/03\/F60BB037-8CC8-4EDA-BE74-C28C753E1BB5.png","articleSection":["Noticias Angio","Salud"],"inLanguage":"es"},{"@type":"WebPage","@id":"https:\/\/www.angiografiadeoccidente.com.co\/angio\/jornada-de-vacunacion-covid-19-en-la-ips-sede-capitolio-cali\/","url":"https:\/\/www.angiografiadeoccidente.com.co\/angio\/jornada-de-vacunacion-covid-19-en-la-ips-sede-capitolio-cali\/","name":"Jornada de Vacunaci\u00f3n Covid 19 en la IPS sede Capitolio, Cali | Angiograf\u00eda de Occidente","isPartOf":{"@id":"https:\/\/www.angiografiadeoccidente.com.co\/angio\/#website"},"primaryImageOfPage":{"@id":"https:\/\/www.angiografiadeoccidente.com.co\/angio\/jornada-de-vacunacion-covid-19-en-la-ips-sede-capitolio-cali\/#primaryimage"},"image":{"@id":"https:\/\/www.angiografiadeoccidente.com.co\/angio\/jornada-de-vacunacion-covid-19-en-la-ips-sede-capitolio-cali\/#primaryimage"},"thumbnailUrl":"https:\/\/www.angiografiadeoccidente.com.co\/angio\/wp-content\/uploads\/2021\/03\/F60BB037-8CC8-4EDA-BE74-C28C753E1BB5.png","datePublished":"2021-03-03T13:47:55+00:00","dateModified":"2025-12-03T18:41:44+00:00","breadcrumb":{"@id":"https:\/\/www.angiografiadeoccidente.com.co\/angio\/jornada-de-vacunacion-covid-19-en-la-ips-sede-capitolio-cali\/#breadcrumb"},"inLanguage":"es","potentialAction":[{"@type":"ReadAction","target":["https:\/\/www.angiografiadeoccidente.com.co\/angio\/jornada-de-vacunacion-covid-19-en-la-ips-sede-capitolio-cali\/"]}]},{"@type":"ImageObject","inLanguage":"es","@id":"https:\/\/www.angiografiadeoccidente.com.co\/angio\/jornada-de-vacunacion-covid-19-en-la-ips-sede-capitolio-cali\/#primaryimage","url":"https:\/\/www.angiografiadeoccidente.com.co\/angio\/wp-content\/uploads\/2021\/03\/F60BB037-8CC8-4EDA-BE74-C28C753E1BB5.png","contentUrl":"https:\/\/www.angiografiadeoccidente.com.co\/angio\/wp-content\/uploads\/2021\/03\/F60BB037-8CC8-4EDA-BE74-C28C753E1BB5.png","width":2947,"height":2087},{"@type":"BreadcrumbList","@id":"https:\/\/www.angiografiadeoccidente.com.co\/angio\/jornada-de-vacunacion-covid-19-en-la-ips-sede-capitolio-cali\/#breadcrumb","itemListElement":[{"@type":"ListItem","position":1,"name":"Portada","item":"https:\/\/www.angiografiadeoccidente.com.co\/angio\/"},{"@type":"ListItem","position":2,"name":"Jornada de Vacunaci\u00f3n Covid 19 en la IPS sede Capitolio, Cali"}]},{"@type":"WebSite","@id":"https:\/\/www.angiografiadeoccidente.com.co\/angio\/#website","url":"https:\/\/www.angiografiadeoccidente.com.co\/angio\/","name":"Angiograf\u00eda de Occidente","description":"","publisher":{"@id":"https:\/\/www.angiografiadeoccidente.com.co\/angio\/#organization"},"potentialAction":[{"@type":"SearchAction","target":{"@type":"EntryPoint","urlTemplate":"https:\/\/www.angiografiadeoccidente.com.co\/angio\/?s={search_term_string}"},"query-input":{"@type":"PropertyValueSpecification","valueRequired":true,"valueName":"search_term_string"}}],"inLanguage":"es"},{"@type":"Organization","@id":"https:\/\/www.angiografiadeoccidente.com.co\/angio\/#organization","name":"ANGIOGRAF\u00cdA DE OCCIDENTE","url":"https:\/\/www.angiografiadeoccidente.com.co\/angio\/","logo":{"@type":"ImageObject","inLanguage":"es","@id":"https:\/\/www.angiografiadeoccidente.com.co\/angio\/#\/schema\/logo\/image\/","url":"https:\/\/www.angiografiadeoccidente.com.co\/angio\/wp-content\/uploads\/2020\/06\/color-horizontal.png","contentUrl":"https:\/\/www.angiografiadeoccidente.com.co\/angio\/wp-content\/uploads\/2020\/06\/color-horizontal.png","width":500,"height":155,"caption":"ANGIOGRAF\u00cdA DE OCCIDENTE"},"image":{"@id":"https:\/\/www.angiografiadeoccidente.com.co\/angio\/#\/schema\/logo\/image\/"},"sameAs":["https:\/\/www.facebook.com\/angiografiadeoccidentesa\/","https:\/\/x.com\/angiografiadeo","https:\/\/www.instagram.com\/angiografiadeoccidente\/","https:\/\/www.linkedin.com\/in\/angiografiadeoccidente\/","https:\/\/www.youtube.com\/channel\/UChja9ImlUP-vGj_ZZx5mH2A?view_as=subscriber"]},{"@type":"Person","@id":"https:\/\/www.angiografiadeoccidente.com.co\/angio\/#\/schema\/person\/b58ac12758998d725805c403aa6e38e7","name":"comunicaciones","image":{"@type":"ImageObject","inLanguage":"es","@id":"https:\/\/secure.gravatar.com\/avatar\/f2429596063288182014d244741ac823aaed2ed770eb52de304b6fb4bd15268c?s=96&d=mm&r=g","url":"https:\/\/secure.gravatar.com\/avatar\/f2429596063288182014d244741ac823aaed2ed770eb52de304b6fb4bd15268c?s=96&d=mm&r=g","contentUrl":"https:\/\/secure.gravatar.com\/avatar\/f2429596063288182014d244741ac823aaed2ed770eb52de304b6fb4bd15268c?s=96&d=mm&r=g","caption":"comunicaciones"}}]}},"_links":{"self":[{"href":"https:\/\/www.angiografiadeoccidente.com.co\/angio\/wp-json\/wp\/v2\/posts\/17362","targetHints":{"allow":["GET"]}}],"collection":[{"href":"https:\/\/www.angiografiadeoccidente.com.co\/angio\/wp-json\/wp\/v2\/posts"}],"about":[{"href":"https:\/\/www.angiografiadeoccidente.com.co\/angio\/wp-json\/wp\/v2\/types\/post"}],"author":[{"embeddable":true,"href":"https:\/\/www.angiografiadeoccidente.com.co\/angio\/wp-json\/wp\/v2\/users\/5"}],"replies":[{"embeddable":true,"href":"https:\/\/www.angiografiadeoccidente.com.co\/angio\/wp-json\/wp\/v2\/comments?post=17362"}],"version-history":[{"count":2,"href":"https:\/\/www.angiografiadeoccidente.com.co\/angio\/wp-json\/wp\/v2\/posts\/17362\/revisions"}],"predecessor-version":[{"id":18161,"href":"https:\/\/www.angiografiadeoccidente.com.co\/angio\/wp-json\/wp\/v2\/posts\/17362\/revisions\/18161"}],"wp:featuredmedia":[{"embeddable":true,"href":"https:\/\/www.angiografiadeoccidente.com.co\/angio\/wp-json\/wp\/v2\/media\/17363"}],"wp:attachment":[{"href":"https:\/\/www.angiografiadeoccidente.com.co\/angio\/wp-json\/wp\/v2\/media?parent=17362"}],"wp:term":[{"taxonomy":"category","embeddable":true,"href":"https:\/\/www.angiografiadeoccidente.com.co\/angio\/wp-json\/wp\/v2\/categories?post=17362"},{"taxonomy":"post_tag","embeddable":true,"href":"https:\/\/www.angiografiadeoccidente.com.co\/angio\/wp-json\/wp\/v2\/tags?post=17362"}],"curies":[{"name":"wp","href":"https:\/\/api.w.org\/{rel}","templated":true}]}}