{"id":17595,"date":"2021-05-14T23:22:52","date_gmt":"2021-05-14T23:22:52","guid":{"rendered":"https:\/\/www.angiografiadeoccidente.com.co\/angio\/?p=17595"},"modified":"2025-12-03T18:41:43","modified_gmt":"2025-12-03T18:41:43","slug":"inauguramos-nuestra-nueva-sede-de-imagenologia-en-villacolombia","status":"publish","type":"post","link":"https:\/\/www.angiografiadeoccidente.com.co\/angio\/inauguramos-nuestra-nueva-sede-de-imagenologia-en-villacolombia\/","title":{"rendered":"\u00a1Inauguramos nuestra nueva sede de Imagenolog\u00eda en Villacolombia!"},"content":{"rendered":"\n<p>En Angiograf\u00eda de Occidente nos continuamos transformando por ti, por eso, el pasado 16 de marzo del 2021 abrimos una nueva sede de Imagenolog\u00eda ubicada en la carrera 8 No. 49-76 -entrada lateral-, en la IPS Villacolombia &#8211; Cali. Con ello, fortalecemos nuestro esquema de servicios, ofreciendo a los usuarios mamograf\u00edas, rayos x, ecograf\u00edas gineco-obst\u00e9tricas y convencionales.&nbsp;<\/p>\n\n\n\n<p>De esta manera, la sede cuenta con un equipo de profesionales compuesto por auxiliares, tecn\u00f3logos, m\u00e9dicos radi\u00f3logos y ginec\u00f3logos, que se encuentran preparados para brindar una atenci\u00f3n de calidad y humanizada a nuestros usuarios. Esto, sumado a las continuas acciones de nuestra compa\u00f1\u00eda en pro de su salud y bienestar.&nbsp;<\/p>\n\n\n\n<p>Mariluz Insuasty, Coordinadora Administrativa de Im\u00e1genes Diagn\u00f3sticas, menciona que hasta el momento \u201chemos atendido 1900 rayos X, 1300 mamograf\u00edas, 340 ecograf\u00edas gineco obst\u00e9tricas, 1800 ecograf\u00edas convencionales para un total de 5300 servicios en promedio a la fecha\u201d. As\u00ed, se ha brindado un servicio de primera mano, accesible y c\u00f3modo, a los usuarios que han acudido a la sede.&nbsp;<\/p>\n\n\n\n<p>Maritza D\u00e1vila, Auxiliar de Enfermer\u00eda Im\u00e1genes, afirma que cuentan con un protocolo de atenci\u00f3n estipulado al interior de las instalaciones y que le muestra a los pacientes \u201cque atiendo desde mi rol de enfermer\u00eda, que son importantes y nos interesa c\u00f3mo se sienten en nuestro servicio\u201d. Adem\u00e1s, hace referencia a que \u201ccomentan mucho sobre lo bonito que qued\u00f3 el lugar, les agrada porque hay m\u00e1s espacio para la atenci\u00f3n y se sienten m\u00e1s c\u00f3modos\u201d.&nbsp;<\/p>\n\n\n\n<p>Finalmente, Mariluz Insuasty, menciona para todos nuestros usuarios que \u201cest\u00e1n todos cordialmente invitados a conocer la nueva sede y hacer uso de nuestros servicios de im\u00e1genes diagn\u00f3sticas, atendidos por personal calificado y precios asequibles a la comunidad en general\u201d.<\/p>\n\n\n\n<p>Con estas acciones, continuamos brindando el mejor servicio a nuestros usuarios, desde nuestro talento Angio y las sedes con las que contamos. Por eso, si deseas estar enterado de toda nuestra gesti\u00f3n, te invitamos a que nos sigas en redes sociales Facebook, Twitter e Instagram como @angiografiadeoccidente.&nbsp;<\/p>\n","protected":false},"excerpt":{"rendered":"<p>En Angiograf\u00eda de Occidente nos continuamos transformando por ti, por eso, el pasado 16 de marzo del 2021 abrimos una nueva sede de Imagenolog\u00eda ubicada en la carrera 8 No. 49-76 -entrada lateral-, en la IPS Villacolombia &#8211; Cali. Con ello, fortalecemos nuestro esquema de servicios, ofreciendo a los usuarios mamograf\u00edas, rayos x, ecograf\u00edas gineco-obst\u00e9tricas [&hellip;]<\/p>\n","protected":false},"author":5,"featured_media":17599,"comment_status":"closed","ping_status":"open","sticky":false,"template":"","format":"standard","meta":{"footnotes":""},"categories":[158,155,157],"tags":[103,104],"class_list":["post-17595","post","type-post","status-publish","format-standard","has-post-thumbnail","hentry","category-somostodocorazon","category-noticiasangio","category-salud","tag-angiografia-de-occidente","tag-cali"],"yoast_head":"<!-- This site is optimized with the Yoast SEO plugin v27.4 - https:\/\/yoast.com\/product\/yoast-seo-wordpress\/ -->\n<title>\u00a1Inauguramos nuestra nueva sede de Imagenolog\u00eda en Villacolombia! | Angiograf\u00eda de Occidente<\/title>\n<meta name=\"robots\" content=\"noindex, follow\" \/>\n<meta property=\"og:locale\" content=\"es_ES\" \/>\n<meta property=\"og:type\" content=\"article\" \/>\n<meta property=\"og:title\" content=\"\u00a1Inauguramos nuestra nueva sede de Imagenolog\u00eda en Villacolombia! | Angiograf\u00eda de Occidente\" \/>\n<meta property=\"og:description\" content=\"En Angiograf\u00eda de Occidente nos continuamos transformando por ti, por eso, el pasado 16 de marzo del 2021 abrimos una nueva sede de Imagenolog\u00eda ubicada en la carrera 8 No. 49-76 -entrada lateral-, en la IPS Villacolombia &#8211; Cali. Con ello, fortalecemos nuestro esquema de servicios, ofreciendo a los usuarios mamograf\u00edas, rayos x, ecograf\u00edas gineco-obst\u00e9tricas [&hellip;]\" \/>\n<meta property=\"og:url\" content=\"https:\/\/www.angiografiadeoccidente.com.co\/angio\/inauguramos-nuestra-nueva-sede-de-imagenologia-en-villacolombia\/\" \/>\n<meta property=\"og:site_name\" content=\"Angiograf\u00eda de Occidente\" \/>\n<meta property=\"article:publisher\" content=\"https:\/\/www.facebook.com\/angiografiadeoccidentesa\/\" \/>\n<meta property=\"article:published_time\" content=\"2021-05-14T23:22:52+00:00\" \/>\n<meta property=\"article:modified_time\" content=\"2025-12-03T18:41:43+00:00\" \/>\n<meta property=\"og:image\" content=\"https:\/\/www.angiografiadeoccidente.com.co\/angio\/wp-content\/uploads\/2021\/05\/img_4874.png\" \/>\n\t<meta property=\"og:image:width\" content=\"915\" \/>\n\t<meta property=\"og:image:height\" content=\"516\" \/>\n\t<meta property=\"og:image:type\" content=\"image\/png\" \/>\n<meta name=\"author\" content=\"comunicaciones\" \/>\n<meta name=\"twitter:card\" content=\"summary_large_image\" \/>\n<meta name=\"twitter:creator\" content=\"@angiografiadeo\" \/>\n<meta name=\"twitter:site\" content=\"@angiografiadeo\" \/>\n<meta name=\"twitter:label1\" content=\"Escrito por\" \/>\n\t<meta name=\"twitter:data1\" content=\"comunicaciones\" \/>\n\t<meta name=\"twitter:label2\" content=\"Tiempo de lectura\" \/>\n\t<meta name=\"twitter:data2\" content=\"2 minutos\" \/>\n<script type=\"application\/ld+json\" class=\"yoast-schema-graph\">{\"@context\":\"https:\\\/\\\/schema.org\",\"@graph\":[{\"@type\":\"Article\",\"@id\":\"https:\\\/\\\/www.angiografiadeoccidente.com.co\\\/angio\\\/inauguramos-nuestra-nueva-sede-de-imagenologia-en-villacolombia\\\/#article\",\"isPartOf\":{\"@id\":\"https:\\\/\\\/www.angiografiadeoccidente.com.co\\\/angio\\\/inauguramos-nuestra-nueva-sede-de-imagenologia-en-villacolombia\\\/\"},\"author\":{\"name\":\"comunicaciones\",\"@id\":\"https:\\\/\\\/www.angiografiadeoccidente.com.co\\\/angio\\\/#\\\/schema\\\/person\\\/b58ac12758998d725805c403aa6e38e7\"},\"headline\":\"\u00a1Inauguramos nuestra nueva sede de Imagenolog\u00eda en Villacolombia!\",\"datePublished\":\"2021-05-14T23:22:52+00:00\",\"dateModified\":\"2025-12-03T18:41:43+00:00\",\"mainEntityOfPage\":{\"@id\":\"https:\\\/\\\/www.angiografiadeoccidente.com.co\\\/angio\\\/inauguramos-nuestra-nueva-sede-de-imagenologia-en-villacolombia\\\/\"},\"wordCount\":364,\"publisher\":{\"@id\":\"https:\\\/\\\/www.angiografiadeoccidente.com.co\\\/angio\\\/#organization\"},\"image\":{\"@id\":\"https:\\\/\\\/www.angiografiadeoccidente.com.co\\\/angio\\\/inauguramos-nuestra-nueva-sede-de-imagenologia-en-villacolombia\\\/#primaryimage\"},\"thumbnailUrl\":\"https:\\\/\\\/www.angiografiadeoccidente.com.co\\\/angio\\\/wp-content\\\/uploads\\\/2021\\\/05\\\/img_4874.png\",\"keywords\":[\"Angiograf\u00eda de occidente\",\"Cali\"],\"articleSection\":[\"#SomosTodoCoraz\u00f3n\",\"Noticias Angio\",\"Salud\"],\"inLanguage\":\"es\"},{\"@type\":\"WebPage\",\"@id\":\"https:\\\/\\\/www.angiografiadeoccidente.com.co\\\/angio\\\/inauguramos-nuestra-nueva-sede-de-imagenologia-en-villacolombia\\\/\",\"url\":\"https:\\\/\\\/www.angiografiadeoccidente.com.co\\\/angio\\\/inauguramos-nuestra-nueva-sede-de-imagenologia-en-villacolombia\\\/\",\"name\":\"\u00a1Inauguramos nuestra nueva sede de Imagenolog\u00eda en Villacolombia! | Angiograf\u00eda de Occidente\",\"isPartOf\":{\"@id\":\"https:\\\/\\\/www.angiografiadeoccidente.com.co\\\/angio\\\/#website\"},\"primaryImageOfPage\":{\"@id\":\"https:\\\/\\\/www.angiografiadeoccidente.com.co\\\/angio\\\/inauguramos-nuestra-nueva-sede-de-imagenologia-en-villacolombia\\\/#primaryimage\"},\"image\":{\"@id\":\"https:\\\/\\\/www.angiografiadeoccidente.com.co\\\/angio\\\/inauguramos-nuestra-nueva-sede-de-imagenologia-en-villacolombia\\\/#primaryimage\"},\"thumbnailUrl\":\"https:\\\/\\\/www.angiografiadeoccidente.com.co\\\/angio\\\/wp-content\\\/uploads\\\/2021\\\/05\\\/img_4874.png\",\"datePublished\":\"2021-05-14T23:22:52+00:00\",\"dateModified\":\"2025-12-03T18:41:43+00:00\",\"breadcrumb\":{\"@id\":\"https:\\\/\\\/www.angiografiadeoccidente.com.co\\\/angio\\\/inauguramos-nuestra-nueva-sede-de-imagenologia-en-villacolombia\\\/#breadcrumb\"},\"inLanguage\":\"es\",\"potentialAction\":[{\"@type\":\"ReadAction\",\"target\":[\"https:\\\/\\\/www.angiografiadeoccidente.com.co\\\/angio\\\/inauguramos-nuestra-nueva-sede-de-imagenologia-en-villacolombia\\\/\"]}]},{\"@type\":\"ImageObject\",\"inLanguage\":\"es\",\"@id\":\"https:\\\/\\\/www.angiografiadeoccidente.com.co\\\/angio\\\/inauguramos-nuestra-nueva-sede-de-imagenologia-en-villacolombia\\\/#primaryimage\",\"url\":\"https:\\\/\\\/www.angiografiadeoccidente.com.co\\\/angio\\\/wp-content\\\/uploads\\\/2021\\\/05\\\/img_4874.png\",\"contentUrl\":\"https:\\\/\\\/www.angiografiadeoccidente.com.co\\\/angio\\\/wp-content\\\/uploads\\\/2021\\\/05\\\/img_4874.png\",\"width\":915,\"height\":516},{\"@type\":\"BreadcrumbList\",\"@id\":\"https:\\\/\\\/www.angiografiadeoccidente.com.co\\\/angio\\\/inauguramos-nuestra-nueva-sede-de-imagenologia-en-villacolombia\\\/#breadcrumb\",\"itemListElement\":[{\"@type\":\"ListItem\",\"position\":1,\"name\":\"Portada\",\"item\":\"https:\\\/\\\/www.angiografiadeoccidente.com.co\\\/angio\\\/\"},{\"@type\":\"ListItem\",\"position\":2,\"name\":\"\u00a1Inauguramos nuestra nueva sede de Imagenolog\u00eda en Villacolombia!\"}]},{\"@type\":\"WebSite\",\"@id\":\"https:\\\/\\\/www.angiografiadeoccidente.com.co\\\/angio\\\/#website\",\"url\":\"https:\\\/\\\/www.angiografiadeoccidente.com.co\\\/angio\\\/\",\"name\":\"Angiograf\u00eda de Occidente\",\"description\":\"\",\"publisher\":{\"@id\":\"https:\\\/\\\/www.angiografiadeoccidente.com.co\\\/angio\\\/#organization\"},\"potentialAction\":[{\"@type\":\"SearchAction\",\"target\":{\"@type\":\"EntryPoint\",\"urlTemplate\":\"https:\\\/\\\/www.angiografiadeoccidente.com.co\\\/angio\\\/?s={search_term_string}\"},\"query-input\":{\"@type\":\"PropertyValueSpecification\",\"valueRequired\":true,\"valueName\":\"search_term_string\"}}],\"inLanguage\":\"es\"},{\"@type\":\"Organization\",\"@id\":\"https:\\\/\\\/www.angiografiadeoccidente.com.co\\\/angio\\\/#organization\",\"name\":\"ANGIOGRAF\u00cdA DE OCCIDENTE\",\"url\":\"https:\\\/\\\/www.angiografiadeoccidente.com.co\\\/angio\\\/\",\"logo\":{\"@type\":\"ImageObject\",\"inLanguage\":\"es\",\"@id\":\"https:\\\/\\\/www.angiografiadeoccidente.com.co\\\/angio\\\/#\\\/schema\\\/logo\\\/image\\\/\",\"url\":\"https:\\\/\\\/www.angiografiadeoccidente.com.co\\\/angio\\\/wp-content\\\/uploads\\\/2020\\\/06\\\/color-horizontal.png\",\"contentUrl\":\"https:\\\/\\\/www.angiografiadeoccidente.com.co\\\/angio\\\/wp-content\\\/uploads\\\/2020\\\/06\\\/color-horizontal.png\",\"width\":500,\"height\":155,\"caption\":\"ANGIOGRAF\u00cdA DE OCCIDENTE\"},\"image\":{\"@id\":\"https:\\\/\\\/www.angiografiadeoccidente.com.co\\\/angio\\\/#\\\/schema\\\/logo\\\/image\\\/\"},\"sameAs\":[\"https:\\\/\\\/www.facebook.com\\\/angiografiadeoccidentesa\\\/\",\"https:\\\/\\\/x.com\\\/angiografiadeo\",\"https:\\\/\\\/www.instagram.com\\\/angiografiadeoccidente\\\/\",\"https:\\\/\\\/www.linkedin.com\\\/in\\\/angiografiadeoccidente\\\/\",\"https:\\\/\\\/www.youtube.com\\\/channel\\\/UChja9ImlUP-vGj_ZZx5mH2A?view_as=subscriber\"]},{\"@type\":\"Person\",\"@id\":\"https:\\\/\\\/www.angiografiadeoccidente.com.co\\\/angio\\\/#\\\/schema\\\/person\\\/b58ac12758998d725805c403aa6e38e7\",\"name\":\"comunicaciones\",\"image\":{\"@type\":\"ImageObject\",\"inLanguage\":\"es\",\"@id\":\"https:\\\/\\\/secure.gravatar.com\\\/avatar\\\/f2429596063288182014d244741ac823aaed2ed770eb52de304b6fb4bd15268c?s=96&d=mm&r=g\",\"url\":\"https:\\\/\\\/secure.gravatar.com\\\/avatar\\\/f2429596063288182014d244741ac823aaed2ed770eb52de304b6fb4bd15268c?s=96&d=mm&r=g\",\"contentUrl\":\"https:\\\/\\\/secure.gravatar.com\\\/avatar\\\/f2429596063288182014d244741ac823aaed2ed770eb52de304b6fb4bd15268c?s=96&d=mm&r=g\",\"caption\":\"comunicaciones\"}}]}<\/script>\n<!-- \/ Yoast SEO plugin. -->","yoast_head_json":{"title":"\u00a1Inauguramos nuestra nueva sede de Imagenolog\u00eda en Villacolombia! | Angiograf\u00eda de Occidente","robots":{"index":"noindex","follow":"follow"},"og_locale":"es_ES","og_type":"article","og_title":"\u00a1Inauguramos nuestra nueva sede de Imagenolog\u00eda en Villacolombia! | Angiograf\u00eda de Occidente","og_description":"En Angiograf\u00eda de Occidente nos continuamos transformando por ti, por eso, el pasado 16 de marzo del 2021 abrimos una nueva sede de Imagenolog\u00eda ubicada en la carrera 8 No. 49-76 -entrada lateral-, en la IPS Villacolombia &#8211; Cali. Con ello, fortalecemos nuestro esquema de servicios, ofreciendo a los usuarios mamograf\u00edas, rayos x, ecograf\u00edas gineco-obst\u00e9tricas [&hellip;]","og_url":"https:\/\/www.angiografiadeoccidente.com.co\/angio\/inauguramos-nuestra-nueva-sede-de-imagenologia-en-villacolombia\/","og_site_name":"Angiograf\u00eda de Occidente","article_publisher":"https:\/\/www.facebook.com\/angiografiadeoccidentesa\/","article_published_time":"2021-05-14T23:22:52+00:00","article_modified_time":"2025-12-03T18:41:43+00:00","og_image":[{"width":915,"height":516,"url":"https:\/\/www.angiografiadeoccidente.com.co\/angio\/wp-content\/uploads\/2021\/05\/img_4874.png","type":"image\/png"}],"author":"comunicaciones","twitter_card":"summary_large_image","twitter_creator":"@angiografiadeo","twitter_site":"@angiografiadeo","twitter_misc":{"Escrito por":"comunicaciones","Tiempo de lectura":"2 minutos"},"schema":{"@context":"https:\/\/schema.org","@graph":[{"@type":"Article","@id":"https:\/\/www.angiografiadeoccidente.com.co\/angio\/inauguramos-nuestra-nueva-sede-de-imagenologia-en-villacolombia\/#article","isPartOf":{"@id":"https:\/\/www.angiografiadeoccidente.com.co\/angio\/inauguramos-nuestra-nueva-sede-de-imagenologia-en-villacolombia\/"},"author":{"name":"comunicaciones","@id":"https:\/\/www.angiografiadeoccidente.com.co\/angio\/#\/schema\/person\/b58ac12758998d725805c403aa6e38e7"},"headline":"\u00a1Inauguramos nuestra nueva sede de Imagenolog\u00eda en Villacolombia!","datePublished":"2021-05-14T23:22:52+00:00","dateModified":"2025-12-03T18:41:43+00:00","mainEntityOfPage":{"@id":"https:\/\/www.angiografiadeoccidente.com.co\/angio\/inauguramos-nuestra-nueva-sede-de-imagenologia-en-villacolombia\/"},"wordCount":364,"publisher":{"@id":"https:\/\/www.angiografiadeoccidente.com.co\/angio\/#organization"},"image":{"@id":"https:\/\/www.angiografiadeoccidente.com.co\/angio\/inauguramos-nuestra-nueva-sede-de-imagenologia-en-villacolombia\/#primaryimage"},"thumbnailUrl":"https:\/\/www.angiografiadeoccidente.com.co\/angio\/wp-content\/uploads\/2021\/05\/img_4874.png","keywords":["Angiograf\u00eda de occidente","Cali"],"articleSection":["#SomosTodoCoraz\u00f3n","Noticias Angio","Salud"],"inLanguage":"es"},{"@type":"WebPage","@id":"https:\/\/www.angiografiadeoccidente.com.co\/angio\/inauguramos-nuestra-nueva-sede-de-imagenologia-en-villacolombia\/","url":"https:\/\/www.angiografiadeoccidente.com.co\/angio\/inauguramos-nuestra-nueva-sede-de-imagenologia-en-villacolombia\/","name":"\u00a1Inauguramos nuestra nueva sede de Imagenolog\u00eda en Villacolombia! | Angiograf\u00eda de Occidente","isPartOf":{"@id":"https:\/\/www.angiografiadeoccidente.com.co\/angio\/#website"},"primaryImageOfPage":{"@id":"https:\/\/www.angiografiadeoccidente.com.co\/angio\/inauguramos-nuestra-nueva-sede-de-imagenologia-en-villacolombia\/#primaryimage"},"image":{"@id":"https:\/\/www.angiografiadeoccidente.com.co\/angio\/inauguramos-nuestra-nueva-sede-de-imagenologia-en-villacolombia\/#primaryimage"},"thumbnailUrl":"https:\/\/www.angiografiadeoccidente.com.co\/angio\/wp-content\/uploads\/2021\/05\/img_4874.png","datePublished":"2021-05-14T23:22:52+00:00","dateModified":"2025-12-03T18:41:43+00:00","breadcrumb":{"@id":"https:\/\/www.angiografiadeoccidente.com.co\/angio\/inauguramos-nuestra-nueva-sede-de-imagenologia-en-villacolombia\/#breadcrumb"},"inLanguage":"es","potentialAction":[{"@type":"ReadAction","target":["https:\/\/www.angiografiadeoccidente.com.co\/angio\/inauguramos-nuestra-nueva-sede-de-imagenologia-en-villacolombia\/"]}]},{"@type":"ImageObject","inLanguage":"es","@id":"https:\/\/www.angiografiadeoccidente.com.co\/angio\/inauguramos-nuestra-nueva-sede-de-imagenologia-en-villacolombia\/#primaryimage","url":"https:\/\/www.angiografiadeoccidente.com.co\/angio\/wp-content\/uploads\/2021\/05\/img_4874.png","contentUrl":"https:\/\/www.angiografiadeoccidente.com.co\/angio\/wp-content\/uploads\/2021\/05\/img_4874.png","width":915,"height":516},{"@type":"BreadcrumbList","@id":"https:\/\/www.angiografiadeoccidente.com.co\/angio\/inauguramos-nuestra-nueva-sede-de-imagenologia-en-villacolombia\/#breadcrumb","itemListElement":[{"@type":"ListItem","position":1,"name":"Portada","item":"https:\/\/www.angiografiadeoccidente.com.co\/angio\/"},{"@type":"ListItem","position":2,"name":"\u00a1Inauguramos nuestra nueva sede de Imagenolog\u00eda en Villacolombia!"}]},{"@type":"WebSite","@id":"https:\/\/www.angiografiadeoccidente.com.co\/angio\/#website","url":"https:\/\/www.angiografiadeoccidente.com.co\/angio\/","name":"Angiograf\u00eda de Occidente","description":"","publisher":{"@id":"https:\/\/www.angiografiadeoccidente.com.co\/angio\/#organization"},"potentialAction":[{"@type":"SearchAction","target":{"@type":"EntryPoint","urlTemplate":"https:\/\/www.angiografiadeoccidente.com.co\/angio\/?s={search_term_string}"},"query-input":{"@type":"PropertyValueSpecification","valueRequired":true,"valueName":"search_term_string"}}],"inLanguage":"es"},{"@type":"Organization","@id":"https:\/\/www.angiografiadeoccidente.com.co\/angio\/#organization","name":"ANGIOGRAF\u00cdA DE OCCIDENTE","url":"https:\/\/www.angiografiadeoccidente.com.co\/angio\/","logo":{"@type":"ImageObject","inLanguage":"es","@id":"https:\/\/www.angiografiadeoccidente.com.co\/angio\/#\/schema\/logo\/image\/","url":"https:\/\/www.angiografiadeoccidente.com.co\/angio\/wp-content\/uploads\/2020\/06\/color-horizontal.png","contentUrl":"https:\/\/www.angiografiadeoccidente.com.co\/angio\/wp-content\/uploads\/2020\/06\/color-horizontal.png","width":500,"height":155,"caption":"ANGIOGRAF\u00cdA DE OCCIDENTE"},"image":{"@id":"https:\/\/www.angiografiadeoccidente.com.co\/angio\/#\/schema\/logo\/image\/"},"sameAs":["https:\/\/www.facebook.com\/angiografiadeoccidentesa\/","https:\/\/x.com\/angiografiadeo","https:\/\/www.instagram.com\/angiografiadeoccidente\/","https:\/\/www.linkedin.com\/in\/angiografiadeoccidente\/","https:\/\/www.youtube.com\/channel\/UChja9ImlUP-vGj_ZZx5mH2A?view_as=subscriber"]},{"@type":"Person","@id":"https:\/\/www.angiografiadeoccidente.com.co\/angio\/#\/schema\/person\/b58ac12758998d725805c403aa6e38e7","name":"comunicaciones","image":{"@type":"ImageObject","inLanguage":"es","@id":"https:\/\/secure.gravatar.com\/avatar\/f2429596063288182014d244741ac823aaed2ed770eb52de304b6fb4bd15268c?s=96&d=mm&r=g","url":"https:\/\/secure.gravatar.com\/avatar\/f2429596063288182014d244741ac823aaed2ed770eb52de304b6fb4bd15268c?s=96&d=mm&r=g","contentUrl":"https:\/\/secure.gravatar.com\/avatar\/f2429596063288182014d244741ac823aaed2ed770eb52de304b6fb4bd15268c?s=96&d=mm&r=g","caption":"comunicaciones"}}]}},"_links":{"self":[{"href":"https:\/\/www.angiografiadeoccidente.com.co\/angio\/wp-json\/wp\/v2\/posts\/17595","targetHints":{"allow":["GET"]}}],"collection":[{"href":"https:\/\/www.angiografiadeoccidente.com.co\/angio\/wp-json\/wp\/v2\/posts"}],"about":[{"href":"https:\/\/www.angiografiadeoccidente.com.co\/angio\/wp-json\/wp\/v2\/types\/post"}],"author":[{"embeddable":true,"href":"https:\/\/www.angiografiadeoccidente.com.co\/angio\/wp-json\/wp\/v2\/users\/5"}],"replies":[{"embeddable":true,"href":"https:\/\/www.angiografiadeoccidente.com.co\/angio\/wp-json\/wp\/v2\/comments?post=17595"}],"version-history":[{"count":1,"href":"https:\/\/www.angiografiadeoccidente.com.co\/angio\/wp-json\/wp\/v2\/posts\/17595\/revisions"}],"predecessor-version":[{"id":17596,"href":"https:\/\/www.angiografiadeoccidente.com.co\/angio\/wp-json\/wp\/v2\/posts\/17595\/revisions\/17596"}],"wp:featuredmedia":[{"embeddable":true,"href":"https:\/\/www.angiografiadeoccidente.com.co\/angio\/wp-json\/wp\/v2\/media\/17599"}],"wp:attachment":[{"href":"https:\/\/www.angiografiadeoccidente.com.co\/angio\/wp-json\/wp\/v2\/media?parent=17595"}],"wp:term":[{"taxonomy":"category","embeddable":true,"href":"https:\/\/www.angiografiadeoccidente.com.co\/angio\/wp-json\/wp\/v2\/categories?post=17595"},{"taxonomy":"post_tag","embeddable":true,"href":"https:\/\/www.angiografiadeoccidente.com.co\/angio\/wp-json\/wp\/v2\/tags?post=17595"}],"curies":[{"name":"wp","href":"https:\/\/api.w.org\/{rel}","templated":true}]}}