{"id":17607,"date":"2021-05-22T14:50:40","date_gmt":"2021-05-22T14:50:40","guid":{"rendered":"https:\/\/www.angiografiadeoccidente.com.co\/angio\/?p=17607"},"modified":"2025-12-03T18:12:54","modified_gmt":"2025-12-03T18:12:54","slug":"celebramos-el-dia-internacional-de-la-biodiversidad","status":"publish","type":"post","link":"https:\/\/www.angiografiadeoccidente.com.co\/angio\/celebramos-el-dia-internacional-de-la-biodiversidad\/","title":{"rendered":"\u00a1Celebramos el d\u00eda Internacional de la Biodiversidad!"},"content":{"rendered":"\n<pre class=\"wp-block-verse\">Audio: Fragmento de opini\u00f3n en el marco del d\u00eda internacional de la Biodiversidad; Diego Escobar Rivero, Profesor Univalle, Escuela de recursos Naturales. <\/pre>\n\n\n\n<figure class=\"wp-block-audio\"><audio controls src=\"https:\/\/www.angiografiadeoccidente.com.co\/angio\/wp-content\/uploads\/2021\/05\/Entrevista-Diego-Escobar-Rivero-Profesor-Univalle-Escuela-de-recursos-Naturales.mp3\"><\/audio><\/figure>\n\n\n\n<p class=\"s4\">En Angiograf\u00eda de Occidente estamos comprometidos con la sociedad y nuestro entorno natural, por ello, hoy celebramos el d\u00eda de la Biodiversidad y te compartimos algunos datos que debemos tener presentes sobre \u00e9ste concepto. \u00a1Con\u00f3celos!<\/p>\n\n\n\n<p class=\"s4\">Inicialmente, es importante resaltar que, seg\u00fan la RAE, el concepto biodiversidad se encuentra referido a la&nbsp;\u201cvariedad de especies animales y vegetales en su medio ambiente\u201d. Por ello, lo anterior abarca un amplio espectro de seres vivos que aportan de manera contundente al&nbsp;desarrollo y preservaci\u00f3n de nuestro planeta y sociedad.&nbsp;<\/p>\n\n\n\n<p class=\"s4\">De acuerdo a las Naciones Unidas,&nbsp;\u201clos recursos biol\u00f3gicos son los pilares que sustentan las movilizaciones\u201d&nbsp;y as\u00ed, este aspecto se convierte en un&nbsp;\u2018bien mundial\u2019&nbsp;que posee un alto e inigualable valor para la humanidad. \u00a1Esta es una de las razones fundamentales para celebrar su d\u00eda y aporte al mundo!<\/p>\n\n\n\n<p class=\"s4\">&nbsp;<\/p>\n\n\n\n<p class=\"s4\">De hecho, \u00bfsab\u00edas que Colombia se consolida como uno de los 17 pa\u00edses m\u00e1s biodiversos del&nbsp;mundo?.&nbsp;Seg\u00fan la Universidad del Valle, nuestro pa\u00eds ha sido designado de esta manera por el&nbsp;Programa de las Naciones Unidas para el Medio Ambiente, ya que&nbsp;\u201calberga el 70% de la biodiversidad mundial, en&nbsp;tan solo el 10% de la superficie del planeta\u201d.&nbsp;Por ello, Colombia es reconocido y se convierte en un territorio pionero en aspectos medioambientales.&nbsp;<\/p>\n\n\n\n<p class=\"s4\">&nbsp;<\/p>\n\n\n\n<p class=\"s4\">De acuerdo a&nbsp;Univalle, existe un Sistema de informaci\u00f3n sobre Biodiversidad (SiB) que indica que Colombia cuenta con aproximadamente&nbsp;3625 especies end\u00e9micasdistribuidas&nbsp;as\u00ed: \u201c66 aves, 1500 especies de plantas, 367anfibios, 115 reptiles, 34 mam\u00edferos y 1543 tipos de orqu\u00eddeas, siendo el primer pa\u00eds en diversidad de aves y orqu\u00eddeas, el segundo en diversidad de plantas, anfibios, peces dulce-acu\u00edcolas y mariposas; el tercero en diversidad de reptiles y palmas, y el&nbsp;cuarto en diversidad de mam\u00edferos\u201d. Los datos brindados ratifican nuestra diversidad biol\u00f3gica&nbsp;en el pa\u00eds y las razones por las cuales debemos conocerla adecuadamente en sociedad.&nbsp;<\/p>\n\n\n\n<p class=\"s4\">&nbsp;<\/p>\n\n\n\n<p class=\"s4\">Diego Escobar Rivero, Ingeniero Agr\u00f3nomo y docente de la Universidad del Valle, agrega que \u201cparte de la biodiversidad conocida del pa\u00eds se encuentra en el&nbsp;Valle del Cauca, regi\u00f3n con m\u00faltiples ecosistemas, compuesta por dos cordilleras y vecina del Oc\u00e9ano pacifico\u201d. As\u00ed, este es el segundo departamento de Colombia con m\u00e1s diversidad biol\u00f3gica, despu\u00e9s de Antioquia, y \u201calberga entre el 25 y el 50% de las especies de fauna y el 11% de las especies de flora de nuestro pa\u00eds y aproximadamente el 0,8 % de las especies totales del planeta\u201d, menciona Escobar.&nbsp;<\/p>\n\n\n\n<p class=\"s4\">&nbsp;<\/p>\n\n\n\n<p class=\"s4\">Con esto, se evidencia la&nbsp;riqueza ambiental con la que cuenta Colombia, el aporte que brinda al mundo con su biodiversidad y la manera en que \u00e9ste, se consolida como un factor clave para el bienestar humano. De acuerdo a Diego Escobar, en caso de una p\u00e9rdida de la diversidad biol\u00f3gica se afectar\u00edan -directa e indirectamente- aspectos como: seguridad alimentaria, vulnerabilidad, salud, seguridad energ\u00e9tica, aguas limpias, relaciones sociales y materias primas.&nbsp;<\/p>\n\n\n\n<p class=\"s4\">&nbsp;<\/p>\n\n\n\n<p class=\"s5\">&nbsp;<\/p>\n\n\n\n<p class=\"s4\">Por estos datos nacionales y mundiales, la ONU ha decidido celebrar el&nbsp;D\u00eda Internacional de la Biodiversidad 2021, abarcando como tema central&nbsp;\u2018Soy parte de la soluci\u00f3n\u2019&nbsp;y el eslogan&nbsp;\u2018nuestras soluciones est\u00e1n en la naturaleza\u2019.&nbsp;Seg\u00fan la&nbsp;entidad, el mensaje que el Convenio sobre la Diversidad busca inculcar es: \u201cdesde soluciones basadas en la naturaleza al clima, pasando por problemas de salud, seguridad alimentaria y del agua y medios de vida sostenibles, la biodiversidad es la base sobre la cual podemos reconstruir mejor\u201d.&nbsp;<\/p>\n\n\n\n<p class=\"s4\">&nbsp;<\/p>\n\n\n\n<p class=\"s4\">Partiendo de lo mencionado, como organizaci\u00f3n nos encontramos comprometidos con la preservaci\u00f3n de la biodiversidad de Colombia y el mundo, por ello, reconocemos\u00a0que esta informaci\u00f3n se consolida conjuntamente como un aliciente en el planeta y ratifica las acciones que debemos emprender diariamente para aportar de manera activa al cuidado de la diversidad biol\u00f3gica en sociedad.\u00a0<\/p>\n\n\n\n<p class=\"s4\">&nbsp;<\/p>\n\n\n\n<p class=\"s4\">Si deseas conocer m\u00e1s sobre nuestro compromiso ambiental,&nbsp;te invitamos a que nos sigas en redes sociales Facebook, Twitter, Instagram y YouTube como&nbsp;@angiografiadeoccidente.&nbsp;<\/p>\n\n\n\n<p class=\"s4\">&nbsp;<\/p>\n\n\n\n<p class=\"s4\">Nota realizada por: Mar\u00eda Antonia Gonz\u00e1lez Casas \u2013 Analista de Comunicaciones.<\/p>\n\n\n\n<p><\/p>\n","protected":false},"excerpt":{"rendered":"<p>Audio: Fragmento de opini\u00f3n en el marco del d\u00eda internacional de la Biodiversidad; Diego Escobar Rivero, Profesor Univalle, Escuela de recursos Naturales. En Angiograf\u00eda de Occidente estamos comprometidos con la sociedad y nuestro entorno natural, por ello, hoy celebramos el d\u00eda de la Biodiversidad y te compartimos algunos datos que debemos tener presentes sobre \u00e9ste [&hellip;]<\/p>\n","protected":false},"author":5,"featured_media":17606,"comment_status":"closed","ping_status":"open","sticky":false,"template":"","format":"standard","meta":{"footnotes":""},"categories":[155],"tags":[],"class_list":["post-17607","post","type-post","status-publish","format-standard","has-post-thumbnail","hentry","category-noticiasangio"],"yoast_head":"<!-- This site is optimized with the Yoast SEO plugin v27.4 - https:\/\/yoast.com\/product\/yoast-seo-wordpress\/ -->\n<title>\u00a1Celebramos el d\u00eda Internacional de la Biodiversidad! | Angiograf\u00eda de Occidente<\/title>\n<meta name=\"robots\" content=\"noindex, follow\" \/>\n<meta property=\"og:locale\" content=\"es_ES\" \/>\n<meta property=\"og:type\" content=\"article\" \/>\n<meta property=\"og:title\" content=\"\u00a1Celebramos el d\u00eda Internacional de la Biodiversidad! | Angiograf\u00eda de Occidente\" \/>\n<meta property=\"og:description\" content=\"Audio: Fragmento de opini\u00f3n en el marco del d\u00eda internacional de la Biodiversidad; Diego Escobar Rivero, Profesor Univalle, Escuela de recursos Naturales. En Angiograf\u00eda de Occidente estamos comprometidos con la sociedad y nuestro entorno natural, por ello, hoy celebramos el d\u00eda de la Biodiversidad y te compartimos algunos datos que debemos tener presentes sobre \u00e9ste [&hellip;]\" \/>\n<meta property=\"og:url\" content=\"https:\/\/www.angiografiadeoccidente.com.co\/angio\/celebramos-el-dia-internacional-de-la-biodiversidad\/\" \/>\n<meta property=\"og:site_name\" content=\"Angiograf\u00eda de Occidente\" \/>\n<meta property=\"article:publisher\" content=\"https:\/\/www.facebook.com\/angiografiadeoccidentesa\/\" \/>\n<meta property=\"article:published_time\" content=\"2021-05-22T14:50:40+00:00\" \/>\n<meta property=\"article:modified_time\" content=\"2025-12-03T18:12:54+00:00\" \/>\n<meta property=\"og:image\" content=\"https:\/\/www.angiografiadeoccidente.com.co\/angio\/wp-content\/uploads\/2021\/05\/img_4974.png\" \/>\n\t<meta property=\"og:image:width\" content=\"915\" \/>\n\t<meta property=\"og:image:height\" content=\"515\" \/>\n\t<meta property=\"og:image:type\" content=\"image\/png\" \/>\n<meta name=\"author\" content=\"comunicaciones\" \/>\n<meta name=\"twitter:card\" content=\"summary_large_image\" \/>\n<meta name=\"twitter:creator\" content=\"@angiografiadeo\" \/>\n<meta name=\"twitter:site\" content=\"@angiografiadeo\" \/>\n<meta name=\"twitter:label1\" content=\"Escrito por\" \/>\n\t<meta name=\"twitter:data1\" content=\"comunicaciones\" \/>\n\t<meta name=\"twitter:label2\" content=\"Tiempo de lectura\" \/>\n\t<meta name=\"twitter:data2\" content=\"3 minutos\" \/>\n<script type=\"application\/ld+json\" class=\"yoast-schema-graph\">{\"@context\":\"https:\\\/\\\/schema.org\",\"@graph\":[{\"@type\":\"Article\",\"@id\":\"https:\\\/\\\/www.angiografiadeoccidente.com.co\\\/angio\\\/celebramos-el-dia-internacional-de-la-biodiversidad\\\/#article\",\"isPartOf\":{\"@id\":\"https:\\\/\\\/www.angiografiadeoccidente.com.co\\\/angio\\\/celebramos-el-dia-internacional-de-la-biodiversidad\\\/\"},\"author\":{\"name\":\"comunicaciones\",\"@id\":\"https:\\\/\\\/www.angiografiadeoccidente.com.co\\\/angio\\\/#\\\/schema\\\/person\\\/b58ac12758998d725805c403aa6e38e7\"},\"headline\":\"\u00a1Celebramos el d\u00eda Internacional de la Biodiversidad!\",\"datePublished\":\"2021-05-22T14:50:40+00:00\",\"dateModified\":\"2025-12-03T18:12:54+00:00\",\"mainEntityOfPage\":{\"@id\":\"https:\\\/\\\/www.angiografiadeoccidente.com.co\\\/angio\\\/celebramos-el-dia-internacional-de-la-biodiversidad\\\/\"},\"wordCount\":728,\"publisher\":{\"@id\":\"https:\\\/\\\/www.angiografiadeoccidente.com.co\\\/angio\\\/#organization\"},\"image\":{\"@id\":\"https:\\\/\\\/www.angiografiadeoccidente.com.co\\\/angio\\\/celebramos-el-dia-internacional-de-la-biodiversidad\\\/#primaryimage\"},\"thumbnailUrl\":\"https:\\\/\\\/www.angiografiadeoccidente.com.co\\\/angio\\\/wp-content\\\/uploads\\\/2021\\\/05\\\/img_4974.png\",\"articleSection\":[\"Noticias Angio\"],\"inLanguage\":\"es\"},{\"@type\":\"WebPage\",\"@id\":\"https:\\\/\\\/www.angiografiadeoccidente.com.co\\\/angio\\\/celebramos-el-dia-internacional-de-la-biodiversidad\\\/\",\"url\":\"https:\\\/\\\/www.angiografiadeoccidente.com.co\\\/angio\\\/celebramos-el-dia-internacional-de-la-biodiversidad\\\/\",\"name\":\"\u00a1Celebramos el d\u00eda Internacional de la Biodiversidad! | Angiograf\u00eda de Occidente\",\"isPartOf\":{\"@id\":\"https:\\\/\\\/www.angiografiadeoccidente.com.co\\\/angio\\\/#website\"},\"primaryImageOfPage\":{\"@id\":\"https:\\\/\\\/www.angiografiadeoccidente.com.co\\\/angio\\\/celebramos-el-dia-internacional-de-la-biodiversidad\\\/#primaryimage\"},\"image\":{\"@id\":\"https:\\\/\\\/www.angiografiadeoccidente.com.co\\\/angio\\\/celebramos-el-dia-internacional-de-la-biodiversidad\\\/#primaryimage\"},\"thumbnailUrl\":\"https:\\\/\\\/www.angiografiadeoccidente.com.co\\\/angio\\\/wp-content\\\/uploads\\\/2021\\\/05\\\/img_4974.png\",\"datePublished\":\"2021-05-22T14:50:40+00:00\",\"dateModified\":\"2025-12-03T18:12:54+00:00\",\"breadcrumb\":{\"@id\":\"https:\\\/\\\/www.angiografiadeoccidente.com.co\\\/angio\\\/celebramos-el-dia-internacional-de-la-biodiversidad\\\/#breadcrumb\"},\"inLanguage\":\"es\",\"potentialAction\":[{\"@type\":\"ReadAction\",\"target\":[\"https:\\\/\\\/www.angiografiadeoccidente.com.co\\\/angio\\\/celebramos-el-dia-internacional-de-la-biodiversidad\\\/\"]}]},{\"@type\":\"ImageObject\",\"inLanguage\":\"es\",\"@id\":\"https:\\\/\\\/www.angiografiadeoccidente.com.co\\\/angio\\\/celebramos-el-dia-internacional-de-la-biodiversidad\\\/#primaryimage\",\"url\":\"https:\\\/\\\/www.angiografiadeoccidente.com.co\\\/angio\\\/wp-content\\\/uploads\\\/2021\\\/05\\\/img_4974.png\",\"contentUrl\":\"https:\\\/\\\/www.angiografiadeoccidente.com.co\\\/angio\\\/wp-content\\\/uploads\\\/2021\\\/05\\\/img_4974.png\",\"width\":915,\"height\":515},{\"@type\":\"BreadcrumbList\",\"@id\":\"https:\\\/\\\/www.angiografiadeoccidente.com.co\\\/angio\\\/celebramos-el-dia-internacional-de-la-biodiversidad\\\/#breadcrumb\",\"itemListElement\":[{\"@type\":\"ListItem\",\"position\":1,\"name\":\"Portada\",\"item\":\"https:\\\/\\\/www.angiografiadeoccidente.com.co\\\/angio\\\/\"},{\"@type\":\"ListItem\",\"position\":2,\"name\":\"\u00a1Celebramos el d\u00eda Internacional de la Biodiversidad!\"}]},{\"@type\":\"WebSite\",\"@id\":\"https:\\\/\\\/www.angiografiadeoccidente.com.co\\\/angio\\\/#website\",\"url\":\"https:\\\/\\\/www.angiografiadeoccidente.com.co\\\/angio\\\/\",\"name\":\"Angiograf\u00eda de Occidente\",\"description\":\"\",\"publisher\":{\"@id\":\"https:\\\/\\\/www.angiografiadeoccidente.com.co\\\/angio\\\/#organization\"},\"potentialAction\":[{\"@type\":\"SearchAction\",\"target\":{\"@type\":\"EntryPoint\",\"urlTemplate\":\"https:\\\/\\\/www.angiografiadeoccidente.com.co\\\/angio\\\/?s={search_term_string}\"},\"query-input\":{\"@type\":\"PropertyValueSpecification\",\"valueRequired\":true,\"valueName\":\"search_term_string\"}}],\"inLanguage\":\"es\"},{\"@type\":\"Organization\",\"@id\":\"https:\\\/\\\/www.angiografiadeoccidente.com.co\\\/angio\\\/#organization\",\"name\":\"ANGIOGRAF\u00cdA DE OCCIDENTE\",\"url\":\"https:\\\/\\\/www.angiografiadeoccidente.com.co\\\/angio\\\/\",\"logo\":{\"@type\":\"ImageObject\",\"inLanguage\":\"es\",\"@id\":\"https:\\\/\\\/www.angiografiadeoccidente.com.co\\\/angio\\\/#\\\/schema\\\/logo\\\/image\\\/\",\"url\":\"https:\\\/\\\/www.angiografiadeoccidente.com.co\\\/angio\\\/wp-content\\\/uploads\\\/2020\\\/06\\\/color-horizontal.png\",\"contentUrl\":\"https:\\\/\\\/www.angiografiadeoccidente.com.co\\\/angio\\\/wp-content\\\/uploads\\\/2020\\\/06\\\/color-horizontal.png\",\"width\":500,\"height\":155,\"caption\":\"ANGIOGRAF\u00cdA DE OCCIDENTE\"},\"image\":{\"@id\":\"https:\\\/\\\/www.angiografiadeoccidente.com.co\\\/angio\\\/#\\\/schema\\\/logo\\\/image\\\/\"},\"sameAs\":[\"https:\\\/\\\/www.facebook.com\\\/angiografiadeoccidentesa\\\/\",\"https:\\\/\\\/x.com\\\/angiografiadeo\",\"https:\\\/\\\/www.instagram.com\\\/angiografiadeoccidente\\\/\",\"https:\\\/\\\/www.linkedin.com\\\/in\\\/angiografiadeoccidente\\\/\",\"https:\\\/\\\/www.youtube.com\\\/channel\\\/UChja9ImlUP-vGj_ZZx5mH2A?view_as=subscriber\"]},{\"@type\":\"Person\",\"@id\":\"https:\\\/\\\/www.angiografiadeoccidente.com.co\\\/angio\\\/#\\\/schema\\\/person\\\/b58ac12758998d725805c403aa6e38e7\",\"name\":\"comunicaciones\",\"image\":{\"@type\":\"ImageObject\",\"inLanguage\":\"es\",\"@id\":\"https:\\\/\\\/secure.gravatar.com\\\/avatar\\\/f2429596063288182014d244741ac823aaed2ed770eb52de304b6fb4bd15268c?s=96&d=mm&r=g\",\"url\":\"https:\\\/\\\/secure.gravatar.com\\\/avatar\\\/f2429596063288182014d244741ac823aaed2ed770eb52de304b6fb4bd15268c?s=96&d=mm&r=g\",\"contentUrl\":\"https:\\\/\\\/secure.gravatar.com\\\/avatar\\\/f2429596063288182014d244741ac823aaed2ed770eb52de304b6fb4bd15268c?s=96&d=mm&r=g\",\"caption\":\"comunicaciones\"}}]}<\/script>\n<!-- \/ Yoast SEO plugin. -->","yoast_head_json":{"title":"\u00a1Celebramos el d\u00eda Internacional de la Biodiversidad! | Angiograf\u00eda de Occidente","robots":{"index":"noindex","follow":"follow"},"og_locale":"es_ES","og_type":"article","og_title":"\u00a1Celebramos el d\u00eda Internacional de la Biodiversidad! | Angiograf\u00eda de Occidente","og_description":"Audio: Fragmento de opini\u00f3n en el marco del d\u00eda internacional de la Biodiversidad; Diego Escobar Rivero, Profesor Univalle, Escuela de recursos Naturales. En Angiograf\u00eda de Occidente estamos comprometidos con la sociedad y nuestro entorno natural, por ello, hoy celebramos el d\u00eda de la Biodiversidad y te compartimos algunos datos que debemos tener presentes sobre \u00e9ste [&hellip;]","og_url":"https:\/\/www.angiografiadeoccidente.com.co\/angio\/celebramos-el-dia-internacional-de-la-biodiversidad\/","og_site_name":"Angiograf\u00eda de Occidente","article_publisher":"https:\/\/www.facebook.com\/angiografiadeoccidentesa\/","article_published_time":"2021-05-22T14:50:40+00:00","article_modified_time":"2025-12-03T18:12:54+00:00","og_image":[{"width":915,"height":515,"url":"https:\/\/www.angiografiadeoccidente.com.co\/angio\/wp-content\/uploads\/2021\/05\/img_4974.png","type":"image\/png"}],"author":"comunicaciones","twitter_card":"summary_large_image","twitter_creator":"@angiografiadeo","twitter_site":"@angiografiadeo","twitter_misc":{"Escrito por":"comunicaciones","Tiempo de lectura":"3 minutos"},"schema":{"@context":"https:\/\/schema.org","@graph":[{"@type":"Article","@id":"https:\/\/www.angiografiadeoccidente.com.co\/angio\/celebramos-el-dia-internacional-de-la-biodiversidad\/#article","isPartOf":{"@id":"https:\/\/www.angiografiadeoccidente.com.co\/angio\/celebramos-el-dia-internacional-de-la-biodiversidad\/"},"author":{"name":"comunicaciones","@id":"https:\/\/www.angiografiadeoccidente.com.co\/angio\/#\/schema\/person\/b58ac12758998d725805c403aa6e38e7"},"headline":"\u00a1Celebramos el d\u00eda Internacional de la Biodiversidad!","datePublished":"2021-05-22T14:50:40+00:00","dateModified":"2025-12-03T18:12:54+00:00","mainEntityOfPage":{"@id":"https:\/\/www.angiografiadeoccidente.com.co\/angio\/celebramos-el-dia-internacional-de-la-biodiversidad\/"},"wordCount":728,"publisher":{"@id":"https:\/\/www.angiografiadeoccidente.com.co\/angio\/#organization"},"image":{"@id":"https:\/\/www.angiografiadeoccidente.com.co\/angio\/celebramos-el-dia-internacional-de-la-biodiversidad\/#primaryimage"},"thumbnailUrl":"https:\/\/www.angiografiadeoccidente.com.co\/angio\/wp-content\/uploads\/2021\/05\/img_4974.png","articleSection":["Noticias Angio"],"inLanguage":"es"},{"@type":"WebPage","@id":"https:\/\/www.angiografiadeoccidente.com.co\/angio\/celebramos-el-dia-internacional-de-la-biodiversidad\/","url":"https:\/\/www.angiografiadeoccidente.com.co\/angio\/celebramos-el-dia-internacional-de-la-biodiversidad\/","name":"\u00a1Celebramos el d\u00eda Internacional de la Biodiversidad! | Angiograf\u00eda de Occidente","isPartOf":{"@id":"https:\/\/www.angiografiadeoccidente.com.co\/angio\/#website"},"primaryImageOfPage":{"@id":"https:\/\/www.angiografiadeoccidente.com.co\/angio\/celebramos-el-dia-internacional-de-la-biodiversidad\/#primaryimage"},"image":{"@id":"https:\/\/www.angiografiadeoccidente.com.co\/angio\/celebramos-el-dia-internacional-de-la-biodiversidad\/#primaryimage"},"thumbnailUrl":"https:\/\/www.angiografiadeoccidente.com.co\/angio\/wp-content\/uploads\/2021\/05\/img_4974.png","datePublished":"2021-05-22T14:50:40+00:00","dateModified":"2025-12-03T18:12:54+00:00","breadcrumb":{"@id":"https:\/\/www.angiografiadeoccidente.com.co\/angio\/celebramos-el-dia-internacional-de-la-biodiversidad\/#breadcrumb"},"inLanguage":"es","potentialAction":[{"@type":"ReadAction","target":["https:\/\/www.angiografiadeoccidente.com.co\/angio\/celebramos-el-dia-internacional-de-la-biodiversidad\/"]}]},{"@type":"ImageObject","inLanguage":"es","@id":"https:\/\/www.angiografiadeoccidente.com.co\/angio\/celebramos-el-dia-internacional-de-la-biodiversidad\/#primaryimage","url":"https:\/\/www.angiografiadeoccidente.com.co\/angio\/wp-content\/uploads\/2021\/05\/img_4974.png","contentUrl":"https:\/\/www.angiografiadeoccidente.com.co\/angio\/wp-content\/uploads\/2021\/05\/img_4974.png","width":915,"height":515},{"@type":"BreadcrumbList","@id":"https:\/\/www.angiografiadeoccidente.com.co\/angio\/celebramos-el-dia-internacional-de-la-biodiversidad\/#breadcrumb","itemListElement":[{"@type":"ListItem","position":1,"name":"Portada","item":"https:\/\/www.angiografiadeoccidente.com.co\/angio\/"},{"@type":"ListItem","position":2,"name":"\u00a1Celebramos el d\u00eda Internacional de la Biodiversidad!"}]},{"@type":"WebSite","@id":"https:\/\/www.angiografiadeoccidente.com.co\/angio\/#website","url":"https:\/\/www.angiografiadeoccidente.com.co\/angio\/","name":"Angiograf\u00eda de Occidente","description":"","publisher":{"@id":"https:\/\/www.angiografiadeoccidente.com.co\/angio\/#organization"},"potentialAction":[{"@type":"SearchAction","target":{"@type":"EntryPoint","urlTemplate":"https:\/\/www.angiografiadeoccidente.com.co\/angio\/?s={search_term_string}"},"query-input":{"@type":"PropertyValueSpecification","valueRequired":true,"valueName":"search_term_string"}}],"inLanguage":"es"},{"@type":"Organization","@id":"https:\/\/www.angiografiadeoccidente.com.co\/angio\/#organization","name":"ANGIOGRAF\u00cdA DE OCCIDENTE","url":"https:\/\/www.angiografiadeoccidente.com.co\/angio\/","logo":{"@type":"ImageObject","inLanguage":"es","@id":"https:\/\/www.angiografiadeoccidente.com.co\/angio\/#\/schema\/logo\/image\/","url":"https:\/\/www.angiografiadeoccidente.com.co\/angio\/wp-content\/uploads\/2020\/06\/color-horizontal.png","contentUrl":"https:\/\/www.angiografiadeoccidente.com.co\/angio\/wp-content\/uploads\/2020\/06\/color-horizontal.png","width":500,"height":155,"caption":"ANGIOGRAF\u00cdA DE OCCIDENTE"},"image":{"@id":"https:\/\/www.angiografiadeoccidente.com.co\/angio\/#\/schema\/logo\/image\/"},"sameAs":["https:\/\/www.facebook.com\/angiografiadeoccidentesa\/","https:\/\/x.com\/angiografiadeo","https:\/\/www.instagram.com\/angiografiadeoccidente\/","https:\/\/www.linkedin.com\/in\/angiografiadeoccidente\/","https:\/\/www.youtube.com\/channel\/UChja9ImlUP-vGj_ZZx5mH2A?view_as=subscriber"]},{"@type":"Person","@id":"https:\/\/www.angiografiadeoccidente.com.co\/angio\/#\/schema\/person\/b58ac12758998d725805c403aa6e38e7","name":"comunicaciones","image":{"@type":"ImageObject","inLanguage":"es","@id":"https:\/\/secure.gravatar.com\/avatar\/f2429596063288182014d244741ac823aaed2ed770eb52de304b6fb4bd15268c?s=96&d=mm&r=g","url":"https:\/\/secure.gravatar.com\/avatar\/f2429596063288182014d244741ac823aaed2ed770eb52de304b6fb4bd15268c?s=96&d=mm&r=g","contentUrl":"https:\/\/secure.gravatar.com\/avatar\/f2429596063288182014d244741ac823aaed2ed770eb52de304b6fb4bd15268c?s=96&d=mm&r=g","caption":"comunicaciones"}}]}},"_links":{"self":[{"href":"https:\/\/www.angiografiadeoccidente.com.co\/angio\/wp-json\/wp\/v2\/posts\/17607","targetHints":{"allow":["GET"]}}],"collection":[{"href":"https:\/\/www.angiografiadeoccidente.com.co\/angio\/wp-json\/wp\/v2\/posts"}],"about":[{"href":"https:\/\/www.angiografiadeoccidente.com.co\/angio\/wp-json\/wp\/v2\/types\/post"}],"author":[{"embeddable":true,"href":"https:\/\/www.angiografiadeoccidente.com.co\/angio\/wp-json\/wp\/v2\/users\/5"}],"replies":[{"embeddable":true,"href":"https:\/\/www.angiografiadeoccidente.com.co\/angio\/wp-json\/wp\/v2\/comments?post=17607"}],"version-history":[{"count":2,"href":"https:\/\/www.angiografiadeoccidente.com.co\/angio\/wp-json\/wp\/v2\/posts\/17607\/revisions"}],"predecessor-version":[{"id":17645,"href":"https:\/\/www.angiografiadeoccidente.com.co\/angio\/wp-json\/wp\/v2\/posts\/17607\/revisions\/17645"}],"wp:featuredmedia":[{"embeddable":true,"href":"https:\/\/www.angiografiadeoccidente.com.co\/angio\/wp-json\/wp\/v2\/media\/17606"}],"wp:attachment":[{"href":"https:\/\/www.angiografiadeoccidente.com.co\/angio\/wp-json\/wp\/v2\/media?parent=17607"}],"wp:term":[{"taxonomy":"category","embeddable":true,"href":"https:\/\/www.angiografiadeoccidente.com.co\/angio\/wp-json\/wp\/v2\/categories?post=17607"},{"taxonomy":"post_tag","embeddable":true,"href":"https:\/\/www.angiografiadeoccidente.com.co\/angio\/wp-json\/wp\/v2\/tags?post=17607"}],"curies":[{"name":"wp","href":"https:\/\/api.w.org\/{rel}","templated":true}]}}