{"id":17632,"date":"2021-05-31T14:26:46","date_gmt":"2021-05-31T14:26:46","guid":{"rendered":"https:\/\/www.angiografiadeoccidente.com.co\/angio\/?p=17632"},"modified":"2025-12-03T18:12:54","modified_gmt":"2025-12-03T18:12:54","slug":"inauguramos-la-nueva-sede-de-vacunacion-covid-19","status":"publish","type":"post","link":"https:\/\/www.angiografiadeoccidente.com.co\/angio\/inauguramos-la-nueva-sede-de-vacunacion-covid-19\/","title":{"rendered":"\u00a1Inauguramos la nueva sede de vacunaci\u00f3n Covid-19!"},"content":{"rendered":"\n<p>Partiendo del constante compromiso con nuestros usuarios, inauguramos El nuevo Megacentro de vacunaci\u00f3n <em>Covid-19<\/em>, en la Carrera 43 #5B-23 &#8211; Barrio Tequendama, Cali. Lo anterior, se suma a los continuos esfuerzos realizados por nuestra compa\u00f1\u00eda y sus aliados en pro de mitigar el impacto y transmisibilidad de la pandemia en sociedad.<\/p>\n\n\n\n<p>Edgar Orlando G\u00f3mez, Enfermero Jefe del nuevo punto de vacunaci\u00f3n, enfatiza que esta sede busca \u201cofrecer a la comunidad un servicio de vacunaci\u00f3n accesible, f\u00e1cil y r\u00e1pido\u201d. Con ello, han llegado a diferentes usuarios, garantizado la vacunaci\u00f3n de aproximadamente 600 personas hasta el momento.&nbsp;<\/p>\n\n\n\n<p>La sede, que atiende a usuarios Coosalud y dem\u00e1s personas asignadas, se caracteriza por ser un espacio acogedor y organizado. Por ello, Ana Mar\u00eda Salcedo, Auxiliar de Enfermer\u00eda IPS, menciona que as\u00ed desde su rol aportan activamente para \u201cevitar la propagaci\u00f3n de la enfermedad\u201d y extiende su invitaci\u00f3n para que los usuarios hagan parte del proceso en la nueva estaci\u00f3n de vacunaci\u00f3n Covid-19.&nbsp;<\/p>\n\n\n\n<p>Carlos Arturo Duque, M\u00e9dico General de la sede, complementa que su equipo brinda un proceso completo de <strong>atenci\u00f3n, orientaci\u00f3n y acompa\u00f1amiento a los usuarios<\/strong>, garantizando un excelente servicio. As\u00ed, cumplen con todos los requerimientos de manera rigurosa y agrega que \u201cla vacuna nos va a ayudar y a proteger, por eso, si no nos vacunamos, podemos quedar verdaderamente en riesgo de adquirir el Covid-19\u201d.&nbsp;<\/p>\n\n\n\n<p>Finalmente, Liliy Marlen Mu\u00f1oz, usuaria vacunada, menciona que \u201cel servicio ha sido muy bueno y el personal administrativo es muy c\u00e1lido. El m\u00e9dico brind\u00f3 la informaci\u00f3n pertinente sobre el procedimiento y <strong>s\u00ed recomendar\u00eda este punto a otros usuarios para que se vacunen<\/strong>\u201d.&nbsp;<\/p>\n\n\n\n<p>Con estas acciones, continuamos brindando una correcta atenci\u00f3n para nuestros usuarios y aportamos activamente a mitigar el impacto del Covid-19 en sociedad. Por eso, si quieres conocer m\u00e1s sobre nuestra gesti\u00f3n en vacunaci\u00f3n, te invitamos a que nos sigas en redes sociales Facebook, Twitter, Instagram y Youtube como <strong>@angiografiadeoccidente.&nbsp;<\/strong><\/p>\n\n\n\n<p><strong>Nota realizada por Mar\u00eda Antonia Gonz\u00e1lez Casas \u2013 Analista de Comunicaciones.<\/strong><\/p>\n","protected":false},"excerpt":{"rendered":"<p>Partiendo del constante compromiso con nuestros usuarios, inauguramos El nuevo Megacentro de vacunaci\u00f3n Covid-19, en la Carrera 43 #5B-23 &#8211; Barrio Tequendama, Cali. Lo anterior, se suma a los continuos esfuerzos realizados por nuestra compa\u00f1\u00eda y sus aliados en pro de mitigar el impacto y transmisibilidad de la pandemia en sociedad. Edgar Orlando G\u00f3mez, Enfermero [&hellip;]<\/p>\n","protected":false},"author":5,"featured_media":17618,"comment_status":"closed","ping_status":"open","sticky":false,"template":"","format":"standard","meta":{"footnotes":""},"categories":[155,157],"tags":[132,131,128,134,127,130],"class_list":["post-17632","post","type-post","status-publish","format-standard","has-post-thumbnail","hentry","category-noticiasangio","category-salud","tag-yotecuidotumecuidas","tag-covid-19","tag-megacentro-vacunacion","tag-nueva-sede","tag-tequendama","tag-vacunacion-covid-19"],"yoast_head":"<!-- This site is optimized with the Yoast SEO plugin v27.4 - https:\/\/yoast.com\/product\/yoast-seo-wordpress\/ -->\n<title>\u00a1Inauguramos la nueva sede de vacunaci\u00f3n Covid-19! | Angiograf\u00eda de Occidente<\/title>\n<meta name=\"description\" content=\"Partiendo del constante compromiso con nuestros usuarios, inauguramos la nueva estaci\u00f3n de vacunaci\u00f3n temporal Covid-19, en la Carrera 43 #5B-23 - Barrio Tequendama, Cali\" \/>\n<meta name=\"robots\" content=\"noindex, follow\" \/>\n<meta property=\"og:locale\" content=\"es_ES\" \/>\n<meta property=\"og:type\" content=\"article\" \/>\n<meta property=\"og:title\" content=\"\u00a1Inauguramos la nueva sede de vacunaci\u00f3n Covid-19! | Angiograf\u00eda de Occidente\" \/>\n<meta property=\"og:description\" content=\"Partiendo del constante compromiso con nuestros usuarios, inauguramos la nueva estaci\u00f3n de vacunaci\u00f3n temporal Covid-19, en la Carrera 43 #5B-23 - Barrio Tequendama, Cali\" \/>\n<meta property=\"og:url\" content=\"https:\/\/www.angiografiadeoccidente.com.co\/angio\/inauguramos-la-nueva-sede-de-vacunacion-covid-19\/\" \/>\n<meta property=\"og:site_name\" content=\"Angiograf\u00eda de Occidente\" \/>\n<meta property=\"article:publisher\" content=\"https:\/\/www.facebook.com\/angiografiadeoccidentesa\/\" \/>\n<meta property=\"article:published_time\" content=\"2021-05-31T14:26:46+00:00\" \/>\n<meta property=\"article:modified_time\" content=\"2025-12-03T18:12:54+00:00\" \/>\n<meta property=\"og:image\" content=\"https:\/\/www.angiografiadeoccidente.com.co\/angio\/wp-content\/uploads\/2021\/05\/Pieza-noticia-web.jpg\" \/>\n\t<meta property=\"og:image:width\" content=\"915\" \/>\n\t<meta property=\"og:image:height\" content=\"515\" \/>\n\t<meta property=\"og:image:type\" content=\"image\/jpeg\" \/>\n<meta name=\"author\" content=\"comunicaciones\" \/>\n<meta name=\"twitter:card\" content=\"summary_large_image\" \/>\n<meta name=\"twitter:creator\" content=\"@angiografiadeo\" \/>\n<meta name=\"twitter:site\" content=\"@angiografiadeo\" \/>\n<meta name=\"twitter:label1\" content=\"Escrito por\" \/>\n\t<meta name=\"twitter:data1\" content=\"comunicaciones\" \/>\n\t<meta name=\"twitter:label2\" content=\"Tiempo de lectura\" \/>\n\t<meta name=\"twitter:data2\" content=\"2 minutos\" \/>\n<script type=\"application\/ld+json\" class=\"yoast-schema-graph\">{\"@context\":\"https:\\\/\\\/schema.org\",\"@graph\":[{\"@type\":\"Article\",\"@id\":\"https:\\\/\\\/www.angiografiadeoccidente.com.co\\\/angio\\\/inauguramos-la-nueva-sede-de-vacunacion-covid-19\\\/#article\",\"isPartOf\":{\"@id\":\"https:\\\/\\\/www.angiografiadeoccidente.com.co\\\/angio\\\/inauguramos-la-nueva-sede-de-vacunacion-covid-19\\\/\"},\"author\":{\"name\":\"comunicaciones\",\"@id\":\"https:\\\/\\\/www.angiografiadeoccidente.com.co\\\/angio\\\/#\\\/schema\\\/person\\\/b58ac12758998d725805c403aa6e38e7\"},\"headline\":\"\u00a1Inauguramos la nueva sede de vacunaci\u00f3n Covid-19!\",\"datePublished\":\"2021-05-31T14:26:46+00:00\",\"dateModified\":\"2025-12-03T18:12:54+00:00\",\"mainEntityOfPage\":{\"@id\":\"https:\\\/\\\/www.angiografiadeoccidente.com.co\\\/angio\\\/inauguramos-la-nueva-sede-de-vacunacion-covid-19\\\/\"},\"wordCount\":364,\"publisher\":{\"@id\":\"https:\\\/\\\/www.angiografiadeoccidente.com.co\\\/angio\\\/#organization\"},\"image\":{\"@id\":\"https:\\\/\\\/www.angiografiadeoccidente.com.co\\\/angio\\\/inauguramos-la-nueva-sede-de-vacunacion-covid-19\\\/#primaryimage\"},\"thumbnailUrl\":\"https:\\\/\\\/www.angiografiadeoccidente.com.co\\\/angio\\\/wp-content\\\/uploads\\\/2021\\\/05\\\/Pieza-noticia-web.jpg\",\"keywords\":[\"#YoteCuidoTuMecuidas\",\"Covid 19\",\"megacentro vacunaci\u00f3n\",\"Nueva sede\",\"Tequendama\",\"Vacunaci\u00f3n covid 19\"],\"articleSection\":[\"Noticias Angio\",\"Salud\"],\"inLanguage\":\"es\"},{\"@type\":\"WebPage\",\"@id\":\"https:\\\/\\\/www.angiografiadeoccidente.com.co\\\/angio\\\/inauguramos-la-nueva-sede-de-vacunacion-covid-19\\\/\",\"url\":\"https:\\\/\\\/www.angiografiadeoccidente.com.co\\\/angio\\\/inauguramos-la-nueva-sede-de-vacunacion-covid-19\\\/\",\"name\":\"\u00a1Inauguramos la nueva sede de vacunaci\u00f3n Covid-19! | Angiograf\u00eda de Occidente\",\"isPartOf\":{\"@id\":\"https:\\\/\\\/www.angiografiadeoccidente.com.co\\\/angio\\\/#website\"},\"primaryImageOfPage\":{\"@id\":\"https:\\\/\\\/www.angiografiadeoccidente.com.co\\\/angio\\\/inauguramos-la-nueva-sede-de-vacunacion-covid-19\\\/#primaryimage\"},\"image\":{\"@id\":\"https:\\\/\\\/www.angiografiadeoccidente.com.co\\\/angio\\\/inauguramos-la-nueva-sede-de-vacunacion-covid-19\\\/#primaryimage\"},\"thumbnailUrl\":\"https:\\\/\\\/www.angiografiadeoccidente.com.co\\\/angio\\\/wp-content\\\/uploads\\\/2021\\\/05\\\/Pieza-noticia-web.jpg\",\"datePublished\":\"2021-05-31T14:26:46+00:00\",\"dateModified\":\"2025-12-03T18:12:54+00:00\",\"description\":\"Partiendo del constante compromiso con nuestros usuarios, inauguramos la nueva estaci\u00f3n de vacunaci\u00f3n temporal Covid-19, en la Carrera 43 #5B-23 - Barrio Tequendama, Cali\",\"breadcrumb\":{\"@id\":\"https:\\\/\\\/www.angiografiadeoccidente.com.co\\\/angio\\\/inauguramos-la-nueva-sede-de-vacunacion-covid-19\\\/#breadcrumb\"},\"inLanguage\":\"es\",\"potentialAction\":[{\"@type\":\"ReadAction\",\"target\":[\"https:\\\/\\\/www.angiografiadeoccidente.com.co\\\/angio\\\/inauguramos-la-nueva-sede-de-vacunacion-covid-19\\\/\"]}]},{\"@type\":\"ImageObject\",\"inLanguage\":\"es\",\"@id\":\"https:\\\/\\\/www.angiografiadeoccidente.com.co\\\/angio\\\/inauguramos-la-nueva-sede-de-vacunacion-covid-19\\\/#primaryimage\",\"url\":\"https:\\\/\\\/www.angiografiadeoccidente.com.co\\\/angio\\\/wp-content\\\/uploads\\\/2021\\\/05\\\/Pieza-noticia-web.jpg\",\"contentUrl\":\"https:\\\/\\\/www.angiografiadeoccidente.com.co\\\/angio\\\/wp-content\\\/uploads\\\/2021\\\/05\\\/Pieza-noticia-web.jpg\",\"width\":915,\"height\":515},{\"@type\":\"BreadcrumbList\",\"@id\":\"https:\\\/\\\/www.angiografiadeoccidente.com.co\\\/angio\\\/inauguramos-la-nueva-sede-de-vacunacion-covid-19\\\/#breadcrumb\",\"itemListElement\":[{\"@type\":\"ListItem\",\"position\":1,\"name\":\"Portada\",\"item\":\"https:\\\/\\\/www.angiografiadeoccidente.com.co\\\/angio\\\/\"},{\"@type\":\"ListItem\",\"position\":2,\"name\":\"\u00a1Inauguramos la nueva sede de vacunaci\u00f3n Covid-19!\"}]},{\"@type\":\"WebSite\",\"@id\":\"https:\\\/\\\/www.angiografiadeoccidente.com.co\\\/angio\\\/#website\",\"url\":\"https:\\\/\\\/www.angiografiadeoccidente.com.co\\\/angio\\\/\",\"name\":\"Angiograf\u00eda de Occidente\",\"description\":\"\",\"publisher\":{\"@id\":\"https:\\\/\\\/www.angiografiadeoccidente.com.co\\\/angio\\\/#organization\"},\"potentialAction\":[{\"@type\":\"SearchAction\",\"target\":{\"@type\":\"EntryPoint\",\"urlTemplate\":\"https:\\\/\\\/www.angiografiadeoccidente.com.co\\\/angio\\\/?s={search_term_string}\"},\"query-input\":{\"@type\":\"PropertyValueSpecification\",\"valueRequired\":true,\"valueName\":\"search_term_string\"}}],\"inLanguage\":\"es\"},{\"@type\":\"Organization\",\"@id\":\"https:\\\/\\\/www.angiografiadeoccidente.com.co\\\/angio\\\/#organization\",\"name\":\"ANGIOGRAF\u00cdA DE OCCIDENTE\",\"url\":\"https:\\\/\\\/www.angiografiadeoccidente.com.co\\\/angio\\\/\",\"logo\":{\"@type\":\"ImageObject\",\"inLanguage\":\"es\",\"@id\":\"https:\\\/\\\/www.angiografiadeoccidente.com.co\\\/angio\\\/#\\\/schema\\\/logo\\\/image\\\/\",\"url\":\"https:\\\/\\\/www.angiografiadeoccidente.com.co\\\/angio\\\/wp-content\\\/uploads\\\/2020\\\/06\\\/color-horizontal.png\",\"contentUrl\":\"https:\\\/\\\/www.angiografiadeoccidente.com.co\\\/angio\\\/wp-content\\\/uploads\\\/2020\\\/06\\\/color-horizontal.png\",\"width\":500,\"height\":155,\"caption\":\"ANGIOGRAF\u00cdA DE OCCIDENTE\"},\"image\":{\"@id\":\"https:\\\/\\\/www.angiografiadeoccidente.com.co\\\/angio\\\/#\\\/schema\\\/logo\\\/image\\\/\"},\"sameAs\":[\"https:\\\/\\\/www.facebook.com\\\/angiografiadeoccidentesa\\\/\",\"https:\\\/\\\/x.com\\\/angiografiadeo\",\"https:\\\/\\\/www.instagram.com\\\/angiografiadeoccidente\\\/\",\"https:\\\/\\\/www.linkedin.com\\\/in\\\/angiografiadeoccidente\\\/\",\"https:\\\/\\\/www.youtube.com\\\/channel\\\/UChja9ImlUP-vGj_ZZx5mH2A?view_as=subscriber\"]},{\"@type\":\"Person\",\"@id\":\"https:\\\/\\\/www.angiografiadeoccidente.com.co\\\/angio\\\/#\\\/schema\\\/person\\\/b58ac12758998d725805c403aa6e38e7\",\"name\":\"comunicaciones\",\"image\":{\"@type\":\"ImageObject\",\"inLanguage\":\"es\",\"@id\":\"https:\\\/\\\/secure.gravatar.com\\\/avatar\\\/f2429596063288182014d244741ac823aaed2ed770eb52de304b6fb4bd15268c?s=96&d=mm&r=g\",\"url\":\"https:\\\/\\\/secure.gravatar.com\\\/avatar\\\/f2429596063288182014d244741ac823aaed2ed770eb52de304b6fb4bd15268c?s=96&d=mm&r=g\",\"contentUrl\":\"https:\\\/\\\/secure.gravatar.com\\\/avatar\\\/f2429596063288182014d244741ac823aaed2ed770eb52de304b6fb4bd15268c?s=96&d=mm&r=g\",\"caption\":\"comunicaciones\"}}]}<\/script>\n<!-- \/ Yoast SEO plugin. -->","yoast_head_json":{"title":"\u00a1Inauguramos la nueva sede de vacunaci\u00f3n Covid-19! | Angiograf\u00eda de Occidente","description":"Partiendo del constante compromiso con nuestros usuarios, inauguramos la nueva estaci\u00f3n de vacunaci\u00f3n temporal Covid-19, en la Carrera 43 #5B-23 - Barrio Tequendama, Cali","robots":{"index":"noindex","follow":"follow"},"og_locale":"es_ES","og_type":"article","og_title":"\u00a1Inauguramos la nueva sede de vacunaci\u00f3n Covid-19! | Angiograf\u00eda de Occidente","og_description":"Partiendo del constante compromiso con nuestros usuarios, inauguramos la nueva estaci\u00f3n de vacunaci\u00f3n temporal Covid-19, en la Carrera 43 #5B-23 - Barrio Tequendama, Cali","og_url":"https:\/\/www.angiografiadeoccidente.com.co\/angio\/inauguramos-la-nueva-sede-de-vacunacion-covid-19\/","og_site_name":"Angiograf\u00eda de Occidente","article_publisher":"https:\/\/www.facebook.com\/angiografiadeoccidentesa\/","article_published_time":"2021-05-31T14:26:46+00:00","article_modified_time":"2025-12-03T18:12:54+00:00","og_image":[{"width":915,"height":515,"url":"https:\/\/www.angiografiadeoccidente.com.co\/angio\/wp-content\/uploads\/2021\/05\/Pieza-noticia-web.jpg","type":"image\/jpeg"}],"author":"comunicaciones","twitter_card":"summary_large_image","twitter_creator":"@angiografiadeo","twitter_site":"@angiografiadeo","twitter_misc":{"Escrito por":"comunicaciones","Tiempo de lectura":"2 minutos"},"schema":{"@context":"https:\/\/schema.org","@graph":[{"@type":"Article","@id":"https:\/\/www.angiografiadeoccidente.com.co\/angio\/inauguramos-la-nueva-sede-de-vacunacion-covid-19\/#article","isPartOf":{"@id":"https:\/\/www.angiografiadeoccidente.com.co\/angio\/inauguramos-la-nueva-sede-de-vacunacion-covid-19\/"},"author":{"name":"comunicaciones","@id":"https:\/\/www.angiografiadeoccidente.com.co\/angio\/#\/schema\/person\/b58ac12758998d725805c403aa6e38e7"},"headline":"\u00a1Inauguramos la nueva sede de vacunaci\u00f3n Covid-19!","datePublished":"2021-05-31T14:26:46+00:00","dateModified":"2025-12-03T18:12:54+00:00","mainEntityOfPage":{"@id":"https:\/\/www.angiografiadeoccidente.com.co\/angio\/inauguramos-la-nueva-sede-de-vacunacion-covid-19\/"},"wordCount":364,"publisher":{"@id":"https:\/\/www.angiografiadeoccidente.com.co\/angio\/#organization"},"image":{"@id":"https:\/\/www.angiografiadeoccidente.com.co\/angio\/inauguramos-la-nueva-sede-de-vacunacion-covid-19\/#primaryimage"},"thumbnailUrl":"https:\/\/www.angiografiadeoccidente.com.co\/angio\/wp-content\/uploads\/2021\/05\/Pieza-noticia-web.jpg","keywords":["#YoteCuidoTuMecuidas","Covid 19","megacentro vacunaci\u00f3n","Nueva sede","Tequendama","Vacunaci\u00f3n covid 19"],"articleSection":["Noticias Angio","Salud"],"inLanguage":"es"},{"@type":"WebPage","@id":"https:\/\/www.angiografiadeoccidente.com.co\/angio\/inauguramos-la-nueva-sede-de-vacunacion-covid-19\/","url":"https:\/\/www.angiografiadeoccidente.com.co\/angio\/inauguramos-la-nueva-sede-de-vacunacion-covid-19\/","name":"\u00a1Inauguramos la nueva sede de vacunaci\u00f3n Covid-19! | Angiograf\u00eda de Occidente","isPartOf":{"@id":"https:\/\/www.angiografiadeoccidente.com.co\/angio\/#website"},"primaryImageOfPage":{"@id":"https:\/\/www.angiografiadeoccidente.com.co\/angio\/inauguramos-la-nueva-sede-de-vacunacion-covid-19\/#primaryimage"},"image":{"@id":"https:\/\/www.angiografiadeoccidente.com.co\/angio\/inauguramos-la-nueva-sede-de-vacunacion-covid-19\/#primaryimage"},"thumbnailUrl":"https:\/\/www.angiografiadeoccidente.com.co\/angio\/wp-content\/uploads\/2021\/05\/Pieza-noticia-web.jpg","datePublished":"2021-05-31T14:26:46+00:00","dateModified":"2025-12-03T18:12:54+00:00","description":"Partiendo del constante compromiso con nuestros usuarios, inauguramos la nueva estaci\u00f3n de vacunaci\u00f3n temporal Covid-19, en la Carrera 43 #5B-23 - Barrio Tequendama, Cali","breadcrumb":{"@id":"https:\/\/www.angiografiadeoccidente.com.co\/angio\/inauguramos-la-nueva-sede-de-vacunacion-covid-19\/#breadcrumb"},"inLanguage":"es","potentialAction":[{"@type":"ReadAction","target":["https:\/\/www.angiografiadeoccidente.com.co\/angio\/inauguramos-la-nueva-sede-de-vacunacion-covid-19\/"]}]},{"@type":"ImageObject","inLanguage":"es","@id":"https:\/\/www.angiografiadeoccidente.com.co\/angio\/inauguramos-la-nueva-sede-de-vacunacion-covid-19\/#primaryimage","url":"https:\/\/www.angiografiadeoccidente.com.co\/angio\/wp-content\/uploads\/2021\/05\/Pieza-noticia-web.jpg","contentUrl":"https:\/\/www.angiografiadeoccidente.com.co\/angio\/wp-content\/uploads\/2021\/05\/Pieza-noticia-web.jpg","width":915,"height":515},{"@type":"BreadcrumbList","@id":"https:\/\/www.angiografiadeoccidente.com.co\/angio\/inauguramos-la-nueva-sede-de-vacunacion-covid-19\/#breadcrumb","itemListElement":[{"@type":"ListItem","position":1,"name":"Portada","item":"https:\/\/www.angiografiadeoccidente.com.co\/angio\/"},{"@type":"ListItem","position":2,"name":"\u00a1Inauguramos la nueva sede de vacunaci\u00f3n Covid-19!"}]},{"@type":"WebSite","@id":"https:\/\/www.angiografiadeoccidente.com.co\/angio\/#website","url":"https:\/\/www.angiografiadeoccidente.com.co\/angio\/","name":"Angiograf\u00eda de Occidente","description":"","publisher":{"@id":"https:\/\/www.angiografiadeoccidente.com.co\/angio\/#organization"},"potentialAction":[{"@type":"SearchAction","target":{"@type":"EntryPoint","urlTemplate":"https:\/\/www.angiografiadeoccidente.com.co\/angio\/?s={search_term_string}"},"query-input":{"@type":"PropertyValueSpecification","valueRequired":true,"valueName":"search_term_string"}}],"inLanguage":"es"},{"@type":"Organization","@id":"https:\/\/www.angiografiadeoccidente.com.co\/angio\/#organization","name":"ANGIOGRAF\u00cdA DE OCCIDENTE","url":"https:\/\/www.angiografiadeoccidente.com.co\/angio\/","logo":{"@type":"ImageObject","inLanguage":"es","@id":"https:\/\/www.angiografiadeoccidente.com.co\/angio\/#\/schema\/logo\/image\/","url":"https:\/\/www.angiografiadeoccidente.com.co\/angio\/wp-content\/uploads\/2020\/06\/color-horizontal.png","contentUrl":"https:\/\/www.angiografiadeoccidente.com.co\/angio\/wp-content\/uploads\/2020\/06\/color-horizontal.png","width":500,"height":155,"caption":"ANGIOGRAF\u00cdA DE OCCIDENTE"},"image":{"@id":"https:\/\/www.angiografiadeoccidente.com.co\/angio\/#\/schema\/logo\/image\/"},"sameAs":["https:\/\/www.facebook.com\/angiografiadeoccidentesa\/","https:\/\/x.com\/angiografiadeo","https:\/\/www.instagram.com\/angiografiadeoccidente\/","https:\/\/www.linkedin.com\/in\/angiografiadeoccidente\/","https:\/\/www.youtube.com\/channel\/UChja9ImlUP-vGj_ZZx5mH2A?view_as=subscriber"]},{"@type":"Person","@id":"https:\/\/www.angiografiadeoccidente.com.co\/angio\/#\/schema\/person\/b58ac12758998d725805c403aa6e38e7","name":"comunicaciones","image":{"@type":"ImageObject","inLanguage":"es","@id":"https:\/\/secure.gravatar.com\/avatar\/f2429596063288182014d244741ac823aaed2ed770eb52de304b6fb4bd15268c?s=96&d=mm&r=g","url":"https:\/\/secure.gravatar.com\/avatar\/f2429596063288182014d244741ac823aaed2ed770eb52de304b6fb4bd15268c?s=96&d=mm&r=g","contentUrl":"https:\/\/secure.gravatar.com\/avatar\/f2429596063288182014d244741ac823aaed2ed770eb52de304b6fb4bd15268c?s=96&d=mm&r=g","caption":"comunicaciones"}}]}},"_links":{"self":[{"href":"https:\/\/www.angiografiadeoccidente.com.co\/angio\/wp-json\/wp\/v2\/posts\/17632","targetHints":{"allow":["GET"]}}],"collection":[{"href":"https:\/\/www.angiografiadeoccidente.com.co\/angio\/wp-json\/wp\/v2\/posts"}],"about":[{"href":"https:\/\/www.angiografiadeoccidente.com.co\/angio\/wp-json\/wp\/v2\/types\/post"}],"author":[{"embeddable":true,"href":"https:\/\/www.angiografiadeoccidente.com.co\/angio\/wp-json\/wp\/v2\/users\/5"}],"replies":[{"embeddable":true,"href":"https:\/\/www.angiografiadeoccidente.com.co\/angio\/wp-json\/wp\/v2\/comments?post=17632"}],"version-history":[{"count":1,"href":"https:\/\/www.angiografiadeoccidente.com.co\/angio\/wp-json\/wp\/v2\/posts\/17632\/revisions"}],"predecessor-version":[{"id":17633,"href":"https:\/\/www.angiografiadeoccidente.com.co\/angio\/wp-json\/wp\/v2\/posts\/17632\/revisions\/17633"}],"wp:featuredmedia":[{"embeddable":true,"href":"https:\/\/www.angiografiadeoccidente.com.co\/angio\/wp-json\/wp\/v2\/media\/17618"}],"wp:attachment":[{"href":"https:\/\/www.angiografiadeoccidente.com.co\/angio\/wp-json\/wp\/v2\/media?parent=17632"}],"wp:term":[{"taxonomy":"category","embeddable":true,"href":"https:\/\/www.angiografiadeoccidente.com.co\/angio\/wp-json\/wp\/v2\/categories?post=17632"},{"taxonomy":"post_tag","embeddable":true,"href":"https:\/\/www.angiografiadeoccidente.com.co\/angio\/wp-json\/wp\/v2\/tags?post=17632"}],"curies":[{"name":"wp","href":"https:\/\/api.w.org\/{rel}","templated":true}]}}