{"id":17705,"date":"2021-06-03T19:37:40","date_gmt":"2021-06-03T19:37:40","guid":{"rendered":"https:\/\/www.angiografiadeoccidente.com.co\/angio\/?p=17705"},"modified":"2025-12-03T18:12:54","modified_gmt":"2025-12-03T18:12:54","slug":"3-de-junio-dia-mundial-de-la-bicicleta","status":"publish","type":"post","link":"https:\/\/www.angiografiadeoccidente.com.co\/angio\/3-de-junio-dia-mundial-de-la-bicicleta\/","title":{"rendered":"3 de junio, \u00a1d\u00eda mundial de la bicicleta!"},"content":{"rendered":"\n<p>En Angiograf\u00eda estamos comprometidos con el medio ambiente y la salud de nuestros usuarios y colaboradores. Por eso, hoy celebramos el D\u00eda Mundial de la Bicicleta, trayendo algunos datos importantes sobre este deporte y consejos que podr\u00e1n ayudarte activamente para practicarlo. \u00a1No te lo pierdas!<\/p>\n\n\n\n<p>Es importante enfatizar inicialmente en que este d\u00eda ha sido designado por las <em>Naciones Unidas,<\/em> ya que <em>\u2018montar bicicleta\u2019<\/em> se consolida como una actividad deportiva que aporta contundentemente a la salud de quienes la ejecutan. Por ello, de acuerdo al portal web de la ONU, se menciona que esta celebraci\u00f3n \u201cllama la atenci\u00f3n sobre los beneficios de usar la bicicleta, un medio de transporte simple, asequible, limpio y ambientalmente sostenible\u201d y permite una mayor accesibilidad de las poblaciones vulnerables a servicios sociales.&nbsp;<\/p>\n\n\n\n<p>Con esto, se evidencian los grandes beneficios obtenidos tras la realizaci\u00f3n de este ejercicio, a nivel social, econ\u00f3mico y para la salud de quienes lo practican. Por esta raz\u00f3n, Vilmer Bojorge, de la<em> Fundaci\u00f3n Ando Pedaliando<\/em>, nos menciona que realizar este deporte \u201ces sin\u00f3nimo de autonom\u00eda, libertad, de salud y econom\u00eda. El hecho de montar en una bicicleta te hace sentir muy libre en la ciudad donde est\u00e9s, porque eres t\u00fa, en medio de toda la sociedad en la cual te puedes desenvolver. Eso es un tema de libertad, de salud, te vuelves una persona m\u00e1s social, empiezas a conocer la din\u00e1mica de tu ciudad\u201d.<\/p>\n\n\n\n<p>As\u00ed, se comprende que la bicicleta se consolida como un medio de transporte, salud y uni\u00f3n, que favorece el entorno y ayuda a potenciar la salud. \u201cEl utilizar la bicicleta, ya sea como medio de transporte o como medio de deporte, te permite estar muy sano, ser una persona m\u00e1s social, a nivel mental te permite mirar la vida o situaciones desde diferentes perspectivas\u201d, agrega Bojorge, e invita a todos a realizar el ejercicio.&nbsp;<\/p>\n\n\n\n<p>En nuestra organizaci\u00f3n contamos con colaboradores que hacen uso de este medio para realizar ejercicio o acudir al trabajo a trav\u00e9s de \u00e9l. Por ello, Duv\u00e1n Felipe Porras, Guarda de Seguridad de la IPS Villacolombia, afirma que este deporte le ha brindado grandes beneficios -ya que utiliza la bicicleta para llegar a la sede diariamente- y ha evidenciado que \u201cmejora el estado f\u00edsico, la p\u00e9rdida de peso y brinda mayor resistencia\u201d.&nbsp;<\/p>\n\n\n\n<p>Por su parte, Porras recomienda a nuestros colaboradores y usuarios el uso de la bicicleta, enfatizando en que lo hace \u201cpor el campo de salud y el tiempo. Adem\u00e1s, contaminamos un poco menos el medio ambiente y tambi\u00e9n reducimos la contaminaci\u00f3n auditiva\u201d. As\u00ed, reafirma los beneficios obtenidos tras el uso de este medio de transporte y lo sugiere para las dem\u00e1s personas.&nbsp;<\/p>\n\n\n\n<p>Mariluz Insuasty, Coordinadora Administrativa de Im\u00e1genes Diagn\u00f3sticas y practicante del deporte en menci\u00f3n, tambi\u00e9n afirma que montar bicicleta aporta de manera contundente a la salud f\u00edsica y mental. Por ello, nos comparte su experiencia mencionando que \u201cusar la bicicleta nos permite realizar primero un ejercicio de todo nuestro cuerpo, activar todos nuestros m\u00fasculos, de pies a cabeza. Por otro lado, mejora tambi\u00e9n nuestra salud mental, ya que permite despejarnos, evitar la fatiga del d\u00eda a d\u00eda, mitigar el estr\u00e9s diario\u201d.&nbsp;<\/p>\n\n\n\n<p>As\u00ed, sugiere que las personas que deseen iniciar con esta pr\u00e1ctica lo hagan \u201ccon tramos cortos, ropa c\u00f3moda, lo m\u00e1s sencillo que uno pueda estar y revisando qu\u00e9 necesita de acuerdo a sus necesidades personales\u201d. As\u00ed, brinda algunos consejos para su realizaci\u00f3n y motiva a los pr\u00f3ximos practicantes del deporte a ejercerlo ya que \u201cpuedes conocer lugares a donde vas a llegar, explorar, es un excelente deporte. Tambi\u00e9n te reta porque no hay tramos f\u00e1ciles; subidas, bajadas, carreteras destapadas, el clima, entonces de verdad invito a todos los compa\u00f1eros y colaboradores a practicar este deporte\u201d.<\/p>\n\n\n\n<p>Con estos testimonios, continuamos ratificando nuestro compromiso y celebrando el D\u00eda Mundial de la Bicicleta, compartiendo su importancia y contundente aporte para la salud de los que lo practican y el medio ambiente. Por ello, te invitamos a seguirnos en nuestras redes sociales Facebook, Instagram, YouTube y Twitter para que est\u00e9s enterado de nuestras pr\u00f3ximas celebraciones y todas las actividades que tenemos para ti: @Angiografiadeoccidente.&nbsp;<\/p>\n\n\n\n<p><strong>Nota realizada por: Mar\u00eda Antonia Gonz\u00e1lez Casas &#8211; Analista de Comunicaciones<\/strong><\/p>\n","protected":false},"excerpt":{"rendered":"<p>En Angiograf\u00eda estamos comprometidos con el medio ambiente y la salud de nuestros usuarios y colaboradores. Por eso, hoy celebramos el D\u00eda Mundial de la Bicicleta, trayendo algunos datos importantes sobre este deporte y consejos que podr\u00e1n ayudarte activamente para practicarlo. \u00a1No te lo pierdas! Es importante enfatizar inicialmente en que este d\u00eda ha sido [&hellip;]<\/p>\n","protected":false},"author":5,"featured_media":17713,"comment_status":"closed","ping_status":"open","sticky":false,"template":"","format":"standard","meta":{"footnotes":""},"categories":[158],"tags":[],"class_list":["post-17705","post","type-post","status-publish","format-standard","has-post-thumbnail","hentry","category-somostodocorazon"],"yoast_head":"<!-- This site is optimized with the Yoast SEO plugin v27.4 - https:\/\/yoast.com\/product\/yoast-seo-wordpress\/ -->\n<title>3 de junio, \u00a1d\u00eda mundial de la bicicleta! | Angiograf\u00eda de Occidente<\/title>\n<meta name=\"robots\" content=\"noindex, follow\" \/>\n<meta property=\"og:locale\" content=\"es_ES\" \/>\n<meta property=\"og:type\" content=\"article\" \/>\n<meta property=\"og:title\" content=\"3 de junio, \u00a1d\u00eda mundial de la bicicleta! | Angiograf\u00eda de Occidente\" \/>\n<meta property=\"og:description\" content=\"En Angiograf\u00eda estamos comprometidos con el medio ambiente y la salud de nuestros usuarios y colaboradores. Por eso, hoy celebramos el D\u00eda Mundial de la Bicicleta, trayendo algunos datos importantes sobre este deporte y consejos que podr\u00e1n ayudarte activamente para practicarlo. \u00a1No te lo pierdas! Es importante enfatizar inicialmente en que este d\u00eda ha sido [&hellip;]\" \/>\n<meta property=\"og:url\" content=\"https:\/\/www.angiografiadeoccidente.com.co\/angio\/3-de-junio-dia-mundial-de-la-bicicleta\/\" \/>\n<meta property=\"og:site_name\" content=\"Angiograf\u00eda de Occidente\" \/>\n<meta property=\"article:publisher\" content=\"https:\/\/www.facebook.com\/angiografiadeoccidentesa\/\" \/>\n<meta property=\"article:published_time\" content=\"2021-06-03T19:37:40+00:00\" \/>\n<meta property=\"article:modified_time\" content=\"2025-12-03T18:12:54+00:00\" \/>\n<meta property=\"og:image\" content=\"https:\/\/www.angiografiadeoccidente.com.co\/angio\/wp-content\/uploads\/2021\/06\/Pieza-web-Dia-Mundial-de-la-Bicicleta.png\" \/>\n\t<meta property=\"og:image:width\" content=\"915\" \/>\n\t<meta property=\"og:image:height\" content=\"516\" \/>\n\t<meta property=\"og:image:type\" content=\"image\/png\" \/>\n<meta name=\"author\" content=\"comunicaciones\" \/>\n<meta name=\"twitter:card\" content=\"summary_large_image\" \/>\n<meta name=\"twitter:creator\" content=\"@angiografiadeo\" \/>\n<meta name=\"twitter:site\" content=\"@angiografiadeo\" \/>\n<meta name=\"twitter:label1\" content=\"Escrito por\" \/>\n\t<meta name=\"twitter:data1\" content=\"comunicaciones\" \/>\n\t<meta name=\"twitter:label2\" content=\"Tiempo de lectura\" \/>\n\t<meta name=\"twitter:data2\" content=\"4 minutos\" \/>\n<script type=\"application\/ld+json\" class=\"yoast-schema-graph\">{\"@context\":\"https:\\\/\\\/schema.org\",\"@graph\":[{\"@type\":\"Article\",\"@id\":\"https:\\\/\\\/www.angiografiadeoccidente.com.co\\\/angio\\\/3-de-junio-dia-mundial-de-la-bicicleta\\\/#article\",\"isPartOf\":{\"@id\":\"https:\\\/\\\/www.angiografiadeoccidente.com.co\\\/angio\\\/3-de-junio-dia-mundial-de-la-bicicleta\\\/\"},\"author\":{\"name\":\"comunicaciones\",\"@id\":\"https:\\\/\\\/www.angiografiadeoccidente.com.co\\\/angio\\\/#\\\/schema\\\/person\\\/b58ac12758998d725805c403aa6e38e7\"},\"headline\":\"3 de junio, \u00a1d\u00eda mundial de la bicicleta!\",\"datePublished\":\"2021-06-03T19:37:40+00:00\",\"dateModified\":\"2025-12-03T18:12:54+00:00\",\"mainEntityOfPage\":{\"@id\":\"https:\\\/\\\/www.angiografiadeoccidente.com.co\\\/angio\\\/3-de-junio-dia-mundial-de-la-bicicleta\\\/\"},\"wordCount\":754,\"publisher\":{\"@id\":\"https:\\\/\\\/www.angiografiadeoccidente.com.co\\\/angio\\\/#organization\"},\"image\":{\"@id\":\"https:\\\/\\\/www.angiografiadeoccidente.com.co\\\/angio\\\/3-de-junio-dia-mundial-de-la-bicicleta\\\/#primaryimage\"},\"thumbnailUrl\":\"https:\\\/\\\/www.angiografiadeoccidente.com.co\\\/angio\\\/wp-content\\\/uploads\\\/2021\\\/06\\\/Pieza-web-Dia-Mundial-de-la-Bicicleta.png\",\"articleSection\":[\"#SomosTodoCoraz\u00f3n\"],\"inLanguage\":\"es\"},{\"@type\":\"WebPage\",\"@id\":\"https:\\\/\\\/www.angiografiadeoccidente.com.co\\\/angio\\\/3-de-junio-dia-mundial-de-la-bicicleta\\\/\",\"url\":\"https:\\\/\\\/www.angiografiadeoccidente.com.co\\\/angio\\\/3-de-junio-dia-mundial-de-la-bicicleta\\\/\",\"name\":\"3 de junio, \u00a1d\u00eda mundial de la bicicleta! | Angiograf\u00eda de Occidente\",\"isPartOf\":{\"@id\":\"https:\\\/\\\/www.angiografiadeoccidente.com.co\\\/angio\\\/#website\"},\"primaryImageOfPage\":{\"@id\":\"https:\\\/\\\/www.angiografiadeoccidente.com.co\\\/angio\\\/3-de-junio-dia-mundial-de-la-bicicleta\\\/#primaryimage\"},\"image\":{\"@id\":\"https:\\\/\\\/www.angiografiadeoccidente.com.co\\\/angio\\\/3-de-junio-dia-mundial-de-la-bicicleta\\\/#primaryimage\"},\"thumbnailUrl\":\"https:\\\/\\\/www.angiografiadeoccidente.com.co\\\/angio\\\/wp-content\\\/uploads\\\/2021\\\/06\\\/Pieza-web-Dia-Mundial-de-la-Bicicleta.png\",\"datePublished\":\"2021-06-03T19:37:40+00:00\",\"dateModified\":\"2025-12-03T18:12:54+00:00\",\"breadcrumb\":{\"@id\":\"https:\\\/\\\/www.angiografiadeoccidente.com.co\\\/angio\\\/3-de-junio-dia-mundial-de-la-bicicleta\\\/#breadcrumb\"},\"inLanguage\":\"es\",\"potentialAction\":[{\"@type\":\"ReadAction\",\"target\":[\"https:\\\/\\\/www.angiografiadeoccidente.com.co\\\/angio\\\/3-de-junio-dia-mundial-de-la-bicicleta\\\/\"]}]},{\"@type\":\"ImageObject\",\"inLanguage\":\"es\",\"@id\":\"https:\\\/\\\/www.angiografiadeoccidente.com.co\\\/angio\\\/3-de-junio-dia-mundial-de-la-bicicleta\\\/#primaryimage\",\"url\":\"https:\\\/\\\/www.angiografiadeoccidente.com.co\\\/angio\\\/wp-content\\\/uploads\\\/2021\\\/06\\\/Pieza-web-Dia-Mundial-de-la-Bicicleta.png\",\"contentUrl\":\"https:\\\/\\\/www.angiografiadeoccidente.com.co\\\/angio\\\/wp-content\\\/uploads\\\/2021\\\/06\\\/Pieza-web-Dia-Mundial-de-la-Bicicleta.png\",\"width\":915,\"height\":516},{\"@type\":\"BreadcrumbList\",\"@id\":\"https:\\\/\\\/www.angiografiadeoccidente.com.co\\\/angio\\\/3-de-junio-dia-mundial-de-la-bicicleta\\\/#breadcrumb\",\"itemListElement\":[{\"@type\":\"ListItem\",\"position\":1,\"name\":\"Portada\",\"item\":\"https:\\\/\\\/www.angiografiadeoccidente.com.co\\\/angio\\\/\"},{\"@type\":\"ListItem\",\"position\":2,\"name\":\"3 de junio, \u00a1d\u00eda mundial de la bicicleta!\"}]},{\"@type\":\"WebSite\",\"@id\":\"https:\\\/\\\/www.angiografiadeoccidente.com.co\\\/angio\\\/#website\",\"url\":\"https:\\\/\\\/www.angiografiadeoccidente.com.co\\\/angio\\\/\",\"name\":\"Angiograf\u00eda de Occidente\",\"description\":\"\",\"publisher\":{\"@id\":\"https:\\\/\\\/www.angiografiadeoccidente.com.co\\\/angio\\\/#organization\"},\"potentialAction\":[{\"@type\":\"SearchAction\",\"target\":{\"@type\":\"EntryPoint\",\"urlTemplate\":\"https:\\\/\\\/www.angiografiadeoccidente.com.co\\\/angio\\\/?s={search_term_string}\"},\"query-input\":{\"@type\":\"PropertyValueSpecification\",\"valueRequired\":true,\"valueName\":\"search_term_string\"}}],\"inLanguage\":\"es\"},{\"@type\":\"Organization\",\"@id\":\"https:\\\/\\\/www.angiografiadeoccidente.com.co\\\/angio\\\/#organization\",\"name\":\"ANGIOGRAF\u00cdA DE OCCIDENTE\",\"url\":\"https:\\\/\\\/www.angiografiadeoccidente.com.co\\\/angio\\\/\",\"logo\":{\"@type\":\"ImageObject\",\"inLanguage\":\"es\",\"@id\":\"https:\\\/\\\/www.angiografiadeoccidente.com.co\\\/angio\\\/#\\\/schema\\\/logo\\\/image\\\/\",\"url\":\"https:\\\/\\\/www.angiografiadeoccidente.com.co\\\/angio\\\/wp-content\\\/uploads\\\/2020\\\/06\\\/color-horizontal.png\",\"contentUrl\":\"https:\\\/\\\/www.angiografiadeoccidente.com.co\\\/angio\\\/wp-content\\\/uploads\\\/2020\\\/06\\\/color-horizontal.png\",\"width\":500,\"height\":155,\"caption\":\"ANGIOGRAF\u00cdA DE OCCIDENTE\"},\"image\":{\"@id\":\"https:\\\/\\\/www.angiografiadeoccidente.com.co\\\/angio\\\/#\\\/schema\\\/logo\\\/image\\\/\"},\"sameAs\":[\"https:\\\/\\\/www.facebook.com\\\/angiografiadeoccidentesa\\\/\",\"https:\\\/\\\/x.com\\\/angiografiadeo\",\"https:\\\/\\\/www.instagram.com\\\/angiografiadeoccidente\\\/\",\"https:\\\/\\\/www.linkedin.com\\\/in\\\/angiografiadeoccidente\\\/\",\"https:\\\/\\\/www.youtube.com\\\/channel\\\/UChja9ImlUP-vGj_ZZx5mH2A?view_as=subscriber\"]},{\"@type\":\"Person\",\"@id\":\"https:\\\/\\\/www.angiografiadeoccidente.com.co\\\/angio\\\/#\\\/schema\\\/person\\\/b58ac12758998d725805c403aa6e38e7\",\"name\":\"comunicaciones\",\"image\":{\"@type\":\"ImageObject\",\"inLanguage\":\"es\",\"@id\":\"https:\\\/\\\/secure.gravatar.com\\\/avatar\\\/f2429596063288182014d244741ac823aaed2ed770eb52de304b6fb4bd15268c?s=96&d=mm&r=g\",\"url\":\"https:\\\/\\\/secure.gravatar.com\\\/avatar\\\/f2429596063288182014d244741ac823aaed2ed770eb52de304b6fb4bd15268c?s=96&d=mm&r=g\",\"contentUrl\":\"https:\\\/\\\/secure.gravatar.com\\\/avatar\\\/f2429596063288182014d244741ac823aaed2ed770eb52de304b6fb4bd15268c?s=96&d=mm&r=g\",\"caption\":\"comunicaciones\"}}]}<\/script>\n<!-- \/ Yoast SEO plugin. -->","yoast_head_json":{"title":"3 de junio, \u00a1d\u00eda mundial de la bicicleta! | Angiograf\u00eda de Occidente","robots":{"index":"noindex","follow":"follow"},"og_locale":"es_ES","og_type":"article","og_title":"3 de junio, \u00a1d\u00eda mundial de la bicicleta! | Angiograf\u00eda de Occidente","og_description":"En Angiograf\u00eda estamos comprometidos con el medio ambiente y la salud de nuestros usuarios y colaboradores. Por eso, hoy celebramos el D\u00eda Mundial de la Bicicleta, trayendo algunos datos importantes sobre este deporte y consejos que podr\u00e1n ayudarte activamente para practicarlo. \u00a1No te lo pierdas! Es importante enfatizar inicialmente en que este d\u00eda ha sido [&hellip;]","og_url":"https:\/\/www.angiografiadeoccidente.com.co\/angio\/3-de-junio-dia-mundial-de-la-bicicleta\/","og_site_name":"Angiograf\u00eda de Occidente","article_publisher":"https:\/\/www.facebook.com\/angiografiadeoccidentesa\/","article_published_time":"2021-06-03T19:37:40+00:00","article_modified_time":"2025-12-03T18:12:54+00:00","og_image":[{"width":915,"height":516,"url":"https:\/\/www.angiografiadeoccidente.com.co\/angio\/wp-content\/uploads\/2021\/06\/Pieza-web-Dia-Mundial-de-la-Bicicleta.png","type":"image\/png"}],"author":"comunicaciones","twitter_card":"summary_large_image","twitter_creator":"@angiografiadeo","twitter_site":"@angiografiadeo","twitter_misc":{"Escrito por":"comunicaciones","Tiempo de lectura":"4 minutos"},"schema":{"@context":"https:\/\/schema.org","@graph":[{"@type":"Article","@id":"https:\/\/www.angiografiadeoccidente.com.co\/angio\/3-de-junio-dia-mundial-de-la-bicicleta\/#article","isPartOf":{"@id":"https:\/\/www.angiografiadeoccidente.com.co\/angio\/3-de-junio-dia-mundial-de-la-bicicleta\/"},"author":{"name":"comunicaciones","@id":"https:\/\/www.angiografiadeoccidente.com.co\/angio\/#\/schema\/person\/b58ac12758998d725805c403aa6e38e7"},"headline":"3 de junio, \u00a1d\u00eda mundial de la bicicleta!","datePublished":"2021-06-03T19:37:40+00:00","dateModified":"2025-12-03T18:12:54+00:00","mainEntityOfPage":{"@id":"https:\/\/www.angiografiadeoccidente.com.co\/angio\/3-de-junio-dia-mundial-de-la-bicicleta\/"},"wordCount":754,"publisher":{"@id":"https:\/\/www.angiografiadeoccidente.com.co\/angio\/#organization"},"image":{"@id":"https:\/\/www.angiografiadeoccidente.com.co\/angio\/3-de-junio-dia-mundial-de-la-bicicleta\/#primaryimage"},"thumbnailUrl":"https:\/\/www.angiografiadeoccidente.com.co\/angio\/wp-content\/uploads\/2021\/06\/Pieza-web-Dia-Mundial-de-la-Bicicleta.png","articleSection":["#SomosTodoCoraz\u00f3n"],"inLanguage":"es"},{"@type":"WebPage","@id":"https:\/\/www.angiografiadeoccidente.com.co\/angio\/3-de-junio-dia-mundial-de-la-bicicleta\/","url":"https:\/\/www.angiografiadeoccidente.com.co\/angio\/3-de-junio-dia-mundial-de-la-bicicleta\/","name":"3 de junio, \u00a1d\u00eda mundial de la bicicleta! | Angiograf\u00eda de Occidente","isPartOf":{"@id":"https:\/\/www.angiografiadeoccidente.com.co\/angio\/#website"},"primaryImageOfPage":{"@id":"https:\/\/www.angiografiadeoccidente.com.co\/angio\/3-de-junio-dia-mundial-de-la-bicicleta\/#primaryimage"},"image":{"@id":"https:\/\/www.angiografiadeoccidente.com.co\/angio\/3-de-junio-dia-mundial-de-la-bicicleta\/#primaryimage"},"thumbnailUrl":"https:\/\/www.angiografiadeoccidente.com.co\/angio\/wp-content\/uploads\/2021\/06\/Pieza-web-Dia-Mundial-de-la-Bicicleta.png","datePublished":"2021-06-03T19:37:40+00:00","dateModified":"2025-12-03T18:12:54+00:00","breadcrumb":{"@id":"https:\/\/www.angiografiadeoccidente.com.co\/angio\/3-de-junio-dia-mundial-de-la-bicicleta\/#breadcrumb"},"inLanguage":"es","potentialAction":[{"@type":"ReadAction","target":["https:\/\/www.angiografiadeoccidente.com.co\/angio\/3-de-junio-dia-mundial-de-la-bicicleta\/"]}]},{"@type":"ImageObject","inLanguage":"es","@id":"https:\/\/www.angiografiadeoccidente.com.co\/angio\/3-de-junio-dia-mundial-de-la-bicicleta\/#primaryimage","url":"https:\/\/www.angiografiadeoccidente.com.co\/angio\/wp-content\/uploads\/2021\/06\/Pieza-web-Dia-Mundial-de-la-Bicicleta.png","contentUrl":"https:\/\/www.angiografiadeoccidente.com.co\/angio\/wp-content\/uploads\/2021\/06\/Pieza-web-Dia-Mundial-de-la-Bicicleta.png","width":915,"height":516},{"@type":"BreadcrumbList","@id":"https:\/\/www.angiografiadeoccidente.com.co\/angio\/3-de-junio-dia-mundial-de-la-bicicleta\/#breadcrumb","itemListElement":[{"@type":"ListItem","position":1,"name":"Portada","item":"https:\/\/www.angiografiadeoccidente.com.co\/angio\/"},{"@type":"ListItem","position":2,"name":"3 de junio, \u00a1d\u00eda mundial de la bicicleta!"}]},{"@type":"WebSite","@id":"https:\/\/www.angiografiadeoccidente.com.co\/angio\/#website","url":"https:\/\/www.angiografiadeoccidente.com.co\/angio\/","name":"Angiograf\u00eda de Occidente","description":"","publisher":{"@id":"https:\/\/www.angiografiadeoccidente.com.co\/angio\/#organization"},"potentialAction":[{"@type":"SearchAction","target":{"@type":"EntryPoint","urlTemplate":"https:\/\/www.angiografiadeoccidente.com.co\/angio\/?s={search_term_string}"},"query-input":{"@type":"PropertyValueSpecification","valueRequired":true,"valueName":"search_term_string"}}],"inLanguage":"es"},{"@type":"Organization","@id":"https:\/\/www.angiografiadeoccidente.com.co\/angio\/#organization","name":"ANGIOGRAF\u00cdA DE OCCIDENTE","url":"https:\/\/www.angiografiadeoccidente.com.co\/angio\/","logo":{"@type":"ImageObject","inLanguage":"es","@id":"https:\/\/www.angiografiadeoccidente.com.co\/angio\/#\/schema\/logo\/image\/","url":"https:\/\/www.angiografiadeoccidente.com.co\/angio\/wp-content\/uploads\/2020\/06\/color-horizontal.png","contentUrl":"https:\/\/www.angiografiadeoccidente.com.co\/angio\/wp-content\/uploads\/2020\/06\/color-horizontal.png","width":500,"height":155,"caption":"ANGIOGRAF\u00cdA DE OCCIDENTE"},"image":{"@id":"https:\/\/www.angiografiadeoccidente.com.co\/angio\/#\/schema\/logo\/image\/"},"sameAs":["https:\/\/www.facebook.com\/angiografiadeoccidentesa\/","https:\/\/x.com\/angiografiadeo","https:\/\/www.instagram.com\/angiografiadeoccidente\/","https:\/\/www.linkedin.com\/in\/angiografiadeoccidente\/","https:\/\/www.youtube.com\/channel\/UChja9ImlUP-vGj_ZZx5mH2A?view_as=subscriber"]},{"@type":"Person","@id":"https:\/\/www.angiografiadeoccidente.com.co\/angio\/#\/schema\/person\/b58ac12758998d725805c403aa6e38e7","name":"comunicaciones","image":{"@type":"ImageObject","inLanguage":"es","@id":"https:\/\/secure.gravatar.com\/avatar\/f2429596063288182014d244741ac823aaed2ed770eb52de304b6fb4bd15268c?s=96&d=mm&r=g","url":"https:\/\/secure.gravatar.com\/avatar\/f2429596063288182014d244741ac823aaed2ed770eb52de304b6fb4bd15268c?s=96&d=mm&r=g","contentUrl":"https:\/\/secure.gravatar.com\/avatar\/f2429596063288182014d244741ac823aaed2ed770eb52de304b6fb4bd15268c?s=96&d=mm&r=g","caption":"comunicaciones"}}]}},"_links":{"self":[{"href":"https:\/\/www.angiografiadeoccidente.com.co\/angio\/wp-json\/wp\/v2\/posts\/17705","targetHints":{"allow":["GET"]}}],"collection":[{"href":"https:\/\/www.angiografiadeoccidente.com.co\/angio\/wp-json\/wp\/v2\/posts"}],"about":[{"href":"https:\/\/www.angiografiadeoccidente.com.co\/angio\/wp-json\/wp\/v2\/types\/post"}],"author":[{"embeddable":true,"href":"https:\/\/www.angiografiadeoccidente.com.co\/angio\/wp-json\/wp\/v2\/users\/5"}],"replies":[{"embeddable":true,"href":"https:\/\/www.angiografiadeoccidente.com.co\/angio\/wp-json\/wp\/v2\/comments?post=17705"}],"version-history":[{"count":1,"href":"https:\/\/www.angiografiadeoccidente.com.co\/angio\/wp-json\/wp\/v2\/posts\/17705\/revisions"}],"predecessor-version":[{"id":17714,"href":"https:\/\/www.angiografiadeoccidente.com.co\/angio\/wp-json\/wp\/v2\/posts\/17705\/revisions\/17714"}],"wp:featuredmedia":[{"embeddable":true,"href":"https:\/\/www.angiografiadeoccidente.com.co\/angio\/wp-json\/wp\/v2\/media\/17713"}],"wp:attachment":[{"href":"https:\/\/www.angiografiadeoccidente.com.co\/angio\/wp-json\/wp\/v2\/media?parent=17705"}],"wp:term":[{"taxonomy":"category","embeddable":true,"href":"https:\/\/www.angiografiadeoccidente.com.co\/angio\/wp-json\/wp\/v2\/categories?post=17705"},{"taxonomy":"post_tag","embeddable":true,"href":"https:\/\/www.angiografiadeoccidente.com.co\/angio\/wp-json\/wp\/v2\/tags?post=17705"}],"curies":[{"name":"wp","href":"https:\/\/api.w.org\/{rel}","templated":true}]}}