{"id":17716,"date":"2021-06-05T16:15:38","date_gmt":"2021-06-05T16:15:38","guid":{"rendered":"https:\/\/www.angiografiadeoccidente.com.co\/angio\/?p=17716"},"modified":"2025-12-03T18:12:54","modified_gmt":"2025-12-03T18:12:54","slug":"hoy-celebramos-el-dia-mundial-del-medio-ambiente","status":"publish","type":"post","link":"https:\/\/www.angiografiadeoccidente.com.co\/angio\/hoy-celebramos-el-dia-mundial-del-medio-ambiente\/","title":{"rendered":"\u00a1Hoy celebramos el D\u00eda Mundial del Medio Ambiente!"},"content":{"rendered":"\n<p class=\"s3\">&nbsp;<\/p>\n\n\n\n<p class=\"s4\">En Angiograf\u00eda de Occidente continuamos ratificando nuestro compromiso con el medio ambiente, por ello, celebramos el d\u00eda y compartimos con ustedes la importancia de preservar y adoptar medidas que permitan cuidar este activo natural.&nbsp;<\/p>\n\n\n\n<p class=\"s4\">&nbsp;<\/p>\n\n\n\n<p class=\"s4\">De acuerdo al portal web de la ONU, el D\u00eda Mundial del Medio Ambiente \u201cse centra en restaurar ecosistemas con el lema&nbsp;reimagina, recrea, restaura\u00bb. As\u00ed, desde la instituci\u00f3n, han consolidado este d\u00eda del a\u00f1o como el inicio de un&nbsp;<a href=\"https:\/\/www.decadeonrestoration.org\/\">Decenio de las Naciones Unidas sobre la Restauraci\u00f3n de Ecosistemas<\/a>&nbsp;(2021-2030), por medio del cual adquieren una \u201cmisi\u00f3n global para revivir miles de millones de hect\u00e1reas, desde bosques hasta tierras de cultivo, desde la cima de las monta\u00f1as hasta las profundidades del mar\u201d.&nbsp;<\/p>\n\n\n\n<p class=\"s4\">&nbsp;<\/p>\n\n\n\n<p class=\"s4\">Con estas acciones, a nivel global, se espera disminuir la contaminaci\u00f3n y aportar activamente a la restauraci\u00f3n de nuestro medio ambiente, ya que \u201ccada tres segundos, el mundo pierde una superficie de bosque equivalente a un campo de f\u00fatbol y, tan solo en el \u00faltimo siglo, hemos destruido la mitad de nuestros humedales\u201d, seg\u00fan la entidad en menci\u00f3n. <\/p>\n\n\n\n<p class=\"s4\">&nbsp;<\/p>\n\n\n\n<p class=\"s4\">Espec\u00edficamente en Colombia, este d\u00eda cuenta con una alta importancia ya que, seg\u00fan el Ministerio de Ambiente, el pa\u00eds se caracteriza por ser una de las naciones m\u00e1s biodiversas del mundo. Con ello, esta se consolida como una fecha \u201cque busca conectar a las personas con la naturaleza y con nuevas formas de explorar y convivir con su entorno\u201d y as\u00ed, mitigar el impacto negativo sobre los espacios naturales.&nbsp;<\/p>\n\n\n\n<p class=\"s4\">&nbsp;<\/p>\n\n\n\n<p class=\"s4\">De hecho, seg\u00fan la plataforma virtual oficial de Minambiente, Colombia se encuentra en la&nbsp;casilla 57, gracias a la \u00faltima evaluaci\u00f3n del \u00cdndice de Desempe\u00f1o Ambiental de la Universidad de Yale en el 2016. As\u00ed, nuestra naci\u00f3n est\u00e1 \u201cal lado de pa\u00edses con mejor calificaci\u00f3n en materia de conservaci\u00f3n ecol\u00f3gica en Latinoam\u00e9rica y el Caribe\u201d, seg\u00fan el Ministerio.&nbsp;<\/p>\n\n\n\n<p class=\"s4\">&nbsp;<\/p>\n\n\n\n<p class=\"s4\">Seg\u00fan el Departamento del Gobierno citado, Luis Gilberto Murillo -ministro de Ambiente y Desarrollo Sostenible- ha mencionado que \u201chay pa\u00edses que est\u00e1n avanzando, pero los ojos del mundo est\u00e1n puestos en Colombia. En ese sentido, la gesti\u00f3n ambiental del pa\u00eds se viene construyendo bajo cinco l\u00edneas estrat\u00e9gicas que buscan proteger el patrimonio natural del pa\u00eds y garantizar niveles de calidad ambiental que permitan un ambiente sano\u201d. Con ello, se contin\u00faan realizando acciones que permiten preservar nuestro medio ambiente y proteger los diferentes ecosistemas con los que contamos a nivel nacional.<\/p>\n\n\n\n<p class=\"s4\">&nbsp;<\/p>\n\n\n\n<p class=\"s4\">Partiendo de la celebraci\u00f3n del d\u00eda, desde nuestra organizaci\u00f3n, continuamos compartiendo nuestro compromiso con el medio ambiente, en el pa\u00eds y el mundo. Por eso, si deseas continuar conociendo nuestras acciones y el contenido que generamos para ti, recuerda seguirnos en nuestras redes sociales Facebook, Instagram, Twitter y YouTube: @Angiografiadeoccidente.<\/p>\n\n\n\n<p class=\"s4\">&nbsp;<\/p>\n\n\n\n<p class=\"s4\">Nota realizada por Mar\u00eda Antonia Gonz\u00e1lez Casas \u2013 Analista de Comunicaciones.<\/p>\n","protected":false},"excerpt":{"rendered":"<p>&nbsp; En Angiograf\u00eda de Occidente continuamos ratificando nuestro compromiso con el medio ambiente, por ello, celebramos el d\u00eda y compartimos con ustedes la importancia de preservar y adoptar medidas que permitan cuidar este activo natural.&nbsp; &nbsp; De acuerdo al portal web de la ONU, el D\u00eda Mundial del Medio Ambiente \u201cse centra en restaurar ecosistemas [&hellip;]<\/p>\n","protected":false},"author":5,"featured_media":0,"comment_status":"closed","ping_status":"open","sticky":false,"template":"","format":"standard","meta":{"footnotes":""},"categories":[155],"tags":[136,123],"class_list":["post-17716","post","type-post","status-publish","format-standard","hentry","category-noticiasangio","tag-dia-abiental","tag-dia-especial"],"yoast_head":"<!-- This site is optimized with the Yoast SEO plugin v27.4 - https:\/\/yoast.com\/product\/yoast-seo-wordpress\/ -->\n<title>\u00a1Hoy celebramos el D\u00eda Mundial del Medio Ambiente! | Angiograf\u00eda de Occidente<\/title>\n<meta name=\"robots\" content=\"noindex, follow\" \/>\n<meta property=\"og:locale\" content=\"es_ES\" \/>\n<meta property=\"og:type\" content=\"article\" \/>\n<meta property=\"og:title\" content=\"\u00a1Hoy celebramos el D\u00eda Mundial del Medio Ambiente! | Angiograf\u00eda de Occidente\" \/>\n<meta property=\"og:description\" content=\"&nbsp; En Angiograf\u00eda de Occidente continuamos ratificando nuestro compromiso con el medio ambiente, por ello, celebramos el d\u00eda y compartimos con ustedes la importancia de preservar y adoptar medidas que permitan cuidar este activo natural.&nbsp; &nbsp; De acuerdo al portal web de la ONU, el D\u00eda Mundial del Medio Ambiente \u201cse centra en restaurar ecosistemas [&hellip;]\" \/>\n<meta property=\"og:url\" content=\"https:\/\/www.angiografiadeoccidente.com.co\/angio\/hoy-celebramos-el-dia-mundial-del-medio-ambiente\/\" \/>\n<meta property=\"og:site_name\" content=\"Angiograf\u00eda de Occidente\" \/>\n<meta property=\"article:publisher\" content=\"https:\/\/www.facebook.com\/angiografiadeoccidentesa\/\" \/>\n<meta property=\"article:published_time\" content=\"2021-06-05T16:15:38+00:00\" \/>\n<meta property=\"article:modified_time\" content=\"2025-12-03T18:12:54+00:00\" \/>\n<meta name=\"author\" content=\"comunicaciones\" \/>\n<meta name=\"twitter:card\" content=\"summary_large_image\" \/>\n<meta name=\"twitter:creator\" content=\"@angiografiadeo\" \/>\n<meta name=\"twitter:site\" content=\"@angiografiadeo\" \/>\n<meta name=\"twitter:label1\" content=\"Escrito por\" \/>\n\t<meta name=\"twitter:data1\" content=\"comunicaciones\" \/>\n\t<meta name=\"twitter:label2\" content=\"Tiempo de lectura\" \/>\n\t<meta name=\"twitter:data2\" content=\"3 minutos\" \/>\n<script type=\"application\/ld+json\" class=\"yoast-schema-graph\">{\"@context\":\"https:\\\/\\\/schema.org\",\"@graph\":[{\"@type\":\"Article\",\"@id\":\"https:\\\/\\\/www.angiografiadeoccidente.com.co\\\/angio\\\/hoy-celebramos-el-dia-mundial-del-medio-ambiente\\\/#article\",\"isPartOf\":{\"@id\":\"https:\\\/\\\/www.angiografiadeoccidente.com.co\\\/angio\\\/hoy-celebramos-el-dia-mundial-del-medio-ambiente\\\/\"},\"author\":{\"name\":\"comunicaciones\",\"@id\":\"https:\\\/\\\/www.angiografiadeoccidente.com.co\\\/angio\\\/#\\\/schema\\\/person\\\/b58ac12758998d725805c403aa6e38e7\"},\"headline\":\"\u00a1Hoy celebramos el D\u00eda Mundial del Medio Ambiente!\",\"datePublished\":\"2021-06-05T16:15:38+00:00\",\"dateModified\":\"2025-12-03T18:12:54+00:00\",\"mainEntityOfPage\":{\"@id\":\"https:\\\/\\\/www.angiografiadeoccidente.com.co\\\/angio\\\/hoy-celebramos-el-dia-mundial-del-medio-ambiente\\\/\"},\"wordCount\":521,\"publisher\":{\"@id\":\"https:\\\/\\\/www.angiografiadeoccidente.com.co\\\/angio\\\/#organization\"},\"keywords\":[\"d\u00eda abiental\",\"D\u00eda especial\"],\"articleSection\":[\"Noticias Angio\"],\"inLanguage\":\"es\"},{\"@type\":\"WebPage\",\"@id\":\"https:\\\/\\\/www.angiografiadeoccidente.com.co\\\/angio\\\/hoy-celebramos-el-dia-mundial-del-medio-ambiente\\\/\",\"url\":\"https:\\\/\\\/www.angiografiadeoccidente.com.co\\\/angio\\\/hoy-celebramos-el-dia-mundial-del-medio-ambiente\\\/\",\"name\":\"\u00a1Hoy celebramos el D\u00eda Mundial del Medio Ambiente! | Angiograf\u00eda de Occidente\",\"isPartOf\":{\"@id\":\"https:\\\/\\\/www.angiografiadeoccidente.com.co\\\/angio\\\/#website\"},\"datePublished\":\"2021-06-05T16:15:38+00:00\",\"dateModified\":\"2025-12-03T18:12:54+00:00\",\"breadcrumb\":{\"@id\":\"https:\\\/\\\/www.angiografiadeoccidente.com.co\\\/angio\\\/hoy-celebramos-el-dia-mundial-del-medio-ambiente\\\/#breadcrumb\"},\"inLanguage\":\"es\",\"potentialAction\":[{\"@type\":\"ReadAction\",\"target\":[\"https:\\\/\\\/www.angiografiadeoccidente.com.co\\\/angio\\\/hoy-celebramos-el-dia-mundial-del-medio-ambiente\\\/\"]}]},{\"@type\":\"BreadcrumbList\",\"@id\":\"https:\\\/\\\/www.angiografiadeoccidente.com.co\\\/angio\\\/hoy-celebramos-el-dia-mundial-del-medio-ambiente\\\/#breadcrumb\",\"itemListElement\":[{\"@type\":\"ListItem\",\"position\":1,\"name\":\"Portada\",\"item\":\"https:\\\/\\\/www.angiografiadeoccidente.com.co\\\/angio\\\/\"},{\"@type\":\"ListItem\",\"position\":2,\"name\":\"\u00a1Hoy celebramos el D\u00eda Mundial del Medio Ambiente!\"}]},{\"@type\":\"WebSite\",\"@id\":\"https:\\\/\\\/www.angiografiadeoccidente.com.co\\\/angio\\\/#website\",\"url\":\"https:\\\/\\\/www.angiografiadeoccidente.com.co\\\/angio\\\/\",\"name\":\"Angiograf\u00eda de Occidente\",\"description\":\"\",\"publisher\":{\"@id\":\"https:\\\/\\\/www.angiografiadeoccidente.com.co\\\/angio\\\/#organization\"},\"potentialAction\":[{\"@type\":\"SearchAction\",\"target\":{\"@type\":\"EntryPoint\",\"urlTemplate\":\"https:\\\/\\\/www.angiografiadeoccidente.com.co\\\/angio\\\/?s={search_term_string}\"},\"query-input\":{\"@type\":\"PropertyValueSpecification\",\"valueRequired\":true,\"valueName\":\"search_term_string\"}}],\"inLanguage\":\"es\"},{\"@type\":\"Organization\",\"@id\":\"https:\\\/\\\/www.angiografiadeoccidente.com.co\\\/angio\\\/#organization\",\"name\":\"ANGIOGRAF\u00cdA DE OCCIDENTE\",\"url\":\"https:\\\/\\\/www.angiografiadeoccidente.com.co\\\/angio\\\/\",\"logo\":{\"@type\":\"ImageObject\",\"inLanguage\":\"es\",\"@id\":\"https:\\\/\\\/www.angiografiadeoccidente.com.co\\\/angio\\\/#\\\/schema\\\/logo\\\/image\\\/\",\"url\":\"https:\\\/\\\/www.angiografiadeoccidente.com.co\\\/angio\\\/wp-content\\\/uploads\\\/2020\\\/06\\\/color-horizontal.png\",\"contentUrl\":\"https:\\\/\\\/www.angiografiadeoccidente.com.co\\\/angio\\\/wp-content\\\/uploads\\\/2020\\\/06\\\/color-horizontal.png\",\"width\":500,\"height\":155,\"caption\":\"ANGIOGRAF\u00cdA DE OCCIDENTE\"},\"image\":{\"@id\":\"https:\\\/\\\/www.angiografiadeoccidente.com.co\\\/angio\\\/#\\\/schema\\\/logo\\\/image\\\/\"},\"sameAs\":[\"https:\\\/\\\/www.facebook.com\\\/angiografiadeoccidentesa\\\/\",\"https:\\\/\\\/x.com\\\/angiografiadeo\",\"https:\\\/\\\/www.instagram.com\\\/angiografiadeoccidente\\\/\",\"https:\\\/\\\/www.linkedin.com\\\/in\\\/angiografiadeoccidente\\\/\",\"https:\\\/\\\/www.youtube.com\\\/channel\\\/UChja9ImlUP-vGj_ZZx5mH2A?view_as=subscriber\"]},{\"@type\":\"Person\",\"@id\":\"https:\\\/\\\/www.angiografiadeoccidente.com.co\\\/angio\\\/#\\\/schema\\\/person\\\/b58ac12758998d725805c403aa6e38e7\",\"name\":\"comunicaciones\",\"image\":{\"@type\":\"ImageObject\",\"inLanguage\":\"es\",\"@id\":\"https:\\\/\\\/secure.gravatar.com\\\/avatar\\\/f2429596063288182014d244741ac823aaed2ed770eb52de304b6fb4bd15268c?s=96&d=mm&r=g\",\"url\":\"https:\\\/\\\/secure.gravatar.com\\\/avatar\\\/f2429596063288182014d244741ac823aaed2ed770eb52de304b6fb4bd15268c?s=96&d=mm&r=g\",\"contentUrl\":\"https:\\\/\\\/secure.gravatar.com\\\/avatar\\\/f2429596063288182014d244741ac823aaed2ed770eb52de304b6fb4bd15268c?s=96&d=mm&r=g\",\"caption\":\"comunicaciones\"}}]}<\/script>\n<!-- \/ Yoast SEO plugin. -->","yoast_head_json":{"title":"\u00a1Hoy celebramos el D\u00eda Mundial del Medio Ambiente! | Angiograf\u00eda de Occidente","robots":{"index":"noindex","follow":"follow"},"og_locale":"es_ES","og_type":"article","og_title":"\u00a1Hoy celebramos el D\u00eda Mundial del Medio Ambiente! | Angiograf\u00eda de Occidente","og_description":"&nbsp; En Angiograf\u00eda de Occidente continuamos ratificando nuestro compromiso con el medio ambiente, por ello, celebramos el d\u00eda y compartimos con ustedes la importancia de preservar y adoptar medidas que permitan cuidar este activo natural.&nbsp; &nbsp; De acuerdo al portal web de la ONU, el D\u00eda Mundial del Medio Ambiente \u201cse centra en restaurar ecosistemas [&hellip;]","og_url":"https:\/\/www.angiografiadeoccidente.com.co\/angio\/hoy-celebramos-el-dia-mundial-del-medio-ambiente\/","og_site_name":"Angiograf\u00eda de Occidente","article_publisher":"https:\/\/www.facebook.com\/angiografiadeoccidentesa\/","article_published_time":"2021-06-05T16:15:38+00:00","article_modified_time":"2025-12-03T18:12:54+00:00","author":"comunicaciones","twitter_card":"summary_large_image","twitter_creator":"@angiografiadeo","twitter_site":"@angiografiadeo","twitter_misc":{"Escrito por":"comunicaciones","Tiempo de lectura":"3 minutos"},"schema":{"@context":"https:\/\/schema.org","@graph":[{"@type":"Article","@id":"https:\/\/www.angiografiadeoccidente.com.co\/angio\/hoy-celebramos-el-dia-mundial-del-medio-ambiente\/#article","isPartOf":{"@id":"https:\/\/www.angiografiadeoccidente.com.co\/angio\/hoy-celebramos-el-dia-mundial-del-medio-ambiente\/"},"author":{"name":"comunicaciones","@id":"https:\/\/www.angiografiadeoccidente.com.co\/angio\/#\/schema\/person\/b58ac12758998d725805c403aa6e38e7"},"headline":"\u00a1Hoy celebramos el D\u00eda Mundial del Medio Ambiente!","datePublished":"2021-06-05T16:15:38+00:00","dateModified":"2025-12-03T18:12:54+00:00","mainEntityOfPage":{"@id":"https:\/\/www.angiografiadeoccidente.com.co\/angio\/hoy-celebramos-el-dia-mundial-del-medio-ambiente\/"},"wordCount":521,"publisher":{"@id":"https:\/\/www.angiografiadeoccidente.com.co\/angio\/#organization"},"keywords":["d\u00eda abiental","D\u00eda especial"],"articleSection":["Noticias Angio"],"inLanguage":"es"},{"@type":"WebPage","@id":"https:\/\/www.angiografiadeoccidente.com.co\/angio\/hoy-celebramos-el-dia-mundial-del-medio-ambiente\/","url":"https:\/\/www.angiografiadeoccidente.com.co\/angio\/hoy-celebramos-el-dia-mundial-del-medio-ambiente\/","name":"\u00a1Hoy celebramos el D\u00eda Mundial del Medio Ambiente! | Angiograf\u00eda de Occidente","isPartOf":{"@id":"https:\/\/www.angiografiadeoccidente.com.co\/angio\/#website"},"datePublished":"2021-06-05T16:15:38+00:00","dateModified":"2025-12-03T18:12:54+00:00","breadcrumb":{"@id":"https:\/\/www.angiografiadeoccidente.com.co\/angio\/hoy-celebramos-el-dia-mundial-del-medio-ambiente\/#breadcrumb"},"inLanguage":"es","potentialAction":[{"@type":"ReadAction","target":["https:\/\/www.angiografiadeoccidente.com.co\/angio\/hoy-celebramos-el-dia-mundial-del-medio-ambiente\/"]}]},{"@type":"BreadcrumbList","@id":"https:\/\/www.angiografiadeoccidente.com.co\/angio\/hoy-celebramos-el-dia-mundial-del-medio-ambiente\/#breadcrumb","itemListElement":[{"@type":"ListItem","position":1,"name":"Portada","item":"https:\/\/www.angiografiadeoccidente.com.co\/angio\/"},{"@type":"ListItem","position":2,"name":"\u00a1Hoy celebramos el D\u00eda Mundial del Medio Ambiente!"}]},{"@type":"WebSite","@id":"https:\/\/www.angiografiadeoccidente.com.co\/angio\/#website","url":"https:\/\/www.angiografiadeoccidente.com.co\/angio\/","name":"Angiograf\u00eda de Occidente","description":"","publisher":{"@id":"https:\/\/www.angiografiadeoccidente.com.co\/angio\/#organization"},"potentialAction":[{"@type":"SearchAction","target":{"@type":"EntryPoint","urlTemplate":"https:\/\/www.angiografiadeoccidente.com.co\/angio\/?s={search_term_string}"},"query-input":{"@type":"PropertyValueSpecification","valueRequired":true,"valueName":"search_term_string"}}],"inLanguage":"es"},{"@type":"Organization","@id":"https:\/\/www.angiografiadeoccidente.com.co\/angio\/#organization","name":"ANGIOGRAF\u00cdA DE OCCIDENTE","url":"https:\/\/www.angiografiadeoccidente.com.co\/angio\/","logo":{"@type":"ImageObject","inLanguage":"es","@id":"https:\/\/www.angiografiadeoccidente.com.co\/angio\/#\/schema\/logo\/image\/","url":"https:\/\/www.angiografiadeoccidente.com.co\/angio\/wp-content\/uploads\/2020\/06\/color-horizontal.png","contentUrl":"https:\/\/www.angiografiadeoccidente.com.co\/angio\/wp-content\/uploads\/2020\/06\/color-horizontal.png","width":500,"height":155,"caption":"ANGIOGRAF\u00cdA DE OCCIDENTE"},"image":{"@id":"https:\/\/www.angiografiadeoccidente.com.co\/angio\/#\/schema\/logo\/image\/"},"sameAs":["https:\/\/www.facebook.com\/angiografiadeoccidentesa\/","https:\/\/x.com\/angiografiadeo","https:\/\/www.instagram.com\/angiografiadeoccidente\/","https:\/\/www.linkedin.com\/in\/angiografiadeoccidente\/","https:\/\/www.youtube.com\/channel\/UChja9ImlUP-vGj_ZZx5mH2A?view_as=subscriber"]},{"@type":"Person","@id":"https:\/\/www.angiografiadeoccidente.com.co\/angio\/#\/schema\/person\/b58ac12758998d725805c403aa6e38e7","name":"comunicaciones","image":{"@type":"ImageObject","inLanguage":"es","@id":"https:\/\/secure.gravatar.com\/avatar\/f2429596063288182014d244741ac823aaed2ed770eb52de304b6fb4bd15268c?s=96&d=mm&r=g","url":"https:\/\/secure.gravatar.com\/avatar\/f2429596063288182014d244741ac823aaed2ed770eb52de304b6fb4bd15268c?s=96&d=mm&r=g","contentUrl":"https:\/\/secure.gravatar.com\/avatar\/f2429596063288182014d244741ac823aaed2ed770eb52de304b6fb4bd15268c?s=96&d=mm&r=g","caption":"comunicaciones"}}]}},"_links":{"self":[{"href":"https:\/\/www.angiografiadeoccidente.com.co\/angio\/wp-json\/wp\/v2\/posts\/17716","targetHints":{"allow":["GET"]}}],"collection":[{"href":"https:\/\/www.angiografiadeoccidente.com.co\/angio\/wp-json\/wp\/v2\/posts"}],"about":[{"href":"https:\/\/www.angiografiadeoccidente.com.co\/angio\/wp-json\/wp\/v2\/types\/post"}],"author":[{"embeddable":true,"href":"https:\/\/www.angiografiadeoccidente.com.co\/angio\/wp-json\/wp\/v2\/users\/5"}],"replies":[{"embeddable":true,"href":"https:\/\/www.angiografiadeoccidente.com.co\/angio\/wp-json\/wp\/v2\/comments?post=17716"}],"version-history":[{"count":1,"href":"https:\/\/www.angiografiadeoccidente.com.co\/angio\/wp-json\/wp\/v2\/posts\/17716\/revisions"}],"predecessor-version":[{"id":17717,"href":"https:\/\/www.angiografiadeoccidente.com.co\/angio\/wp-json\/wp\/v2\/posts\/17716\/revisions\/17717"}],"wp:attachment":[{"href":"https:\/\/www.angiografiadeoccidente.com.co\/angio\/wp-json\/wp\/v2\/media?parent=17716"}],"wp:term":[{"taxonomy":"category","embeddable":true,"href":"https:\/\/www.angiografiadeoccidente.com.co\/angio\/wp-json\/wp\/v2\/categories?post=17716"},{"taxonomy":"post_tag","embeddable":true,"href":"https:\/\/www.angiografiadeoccidente.com.co\/angio\/wp-json\/wp\/v2\/tags?post=17716"}],"curies":[{"name":"wp","href":"https:\/\/api.w.org\/{rel}","templated":true}]}}