{"id":17930,"date":"2021-08-27T20:57:28","date_gmt":"2021-08-27T20:57:28","guid":{"rendered":"https:\/\/www.angiografiadeoccidente.com.co\/angio\/?p=17930"},"modified":"2025-12-03T18:12:53","modified_gmt":"2025-12-03T18:12:53","slug":"en-angiografia-de-occidente-celebramos-27-anos-de-servicio","status":"publish","type":"post","link":"https:\/\/www.angiografiadeoccidente.com.co\/angio\/en-angiografia-de-occidente-celebramos-27-anos-de-servicio\/","title":{"rendered":"En Angiograf\u00eda de Occidente, \u00a1Celebramos 27 a\u00f1os de servicio!"},"content":{"rendered":"\n<p>Hoy celebramos <strong>27 de a\u00f1os<\/strong> de estar contigo, de acompa\u00f1arte en tus procesos m\u00e9dicos y brindarte un excelente servicio, de la mano de los mejores profesionales. Por eso, queremos festejar esta fecha y compartirte la manera en la que, desde el interior, nos consolidamos como una gran familia.&nbsp;<\/p>\n\n\n\n<p>D\u00eda a d\u00eda, desde 1994, hemos contado con un equipo humano capacitado, dispuesto y con un alto grado de compromiso, que nos ha permitido alcanzar objetivos planteados y llegar a ti con un servicio humanizado y de alta calidad. Por eso, cada colaborador nos cuenta una historia al interior de la organizaci\u00f3n, colmada de aprendizajes, trabajo continuo y constante entrega a los usuarios, para llevar tu experiencia m\u00e9dica a otro nivel.&nbsp;<\/p>\n\n\n\n<p>Alejandro Medina, Coordinador Contable, labora en Angiograf\u00eda de Occidente desde hace 24 a\u00f1os y se ha encontrado presente en diversos logros de la compa\u00f1\u00eda. Por ello, recuerda con alegr\u00eda que, en sus inicios, la organizaci\u00f3n contaba con un equipo de 30 personas -entre personal administrativo, operativo y m\u00e9dico- y estaba ubicada en el tercer piso de la Cl\u00ednica de Occidente, como \u00fanica sede.&nbsp;<\/p>\n\n\n\n<p><em>\u201cTen\u00edamos una sola sala de procedimientos y con el tiempo nos fuimos ampliando a dos salas, luego a seis. En ese momento, prest\u00e1bamos servicios de hemodinamia, cardiolog\u00eda, neurolog\u00eda\u201d<\/em>, afirma Medina, enfatizando en que posteriormente, desde 2004, la organizaci\u00f3n empez\u00f3 a aperturar nuevas sedes, IPS y a operar en otras ciudades.&nbsp;<\/p>\n\n\n\n<p>Para \u00e9l, Angiograf\u00eda desde el principio ha sido uni\u00f3n, alegr\u00eda y <strong>familia<\/strong>, por eso, cada una de las experiencias se han convertido en gratos recuerdos.&nbsp; As\u00ed, proyecta que la organizaci\u00f3n <em>\u201ccontin\u00fae creciendo, expandi\u00e9ndose, manteniendo esa hegemon\u00eda que hemos tenido y sostenido todo este tiempo. Que todo el mundo conozca a la organizaci\u00f3n y participar del proceso me parece fabuloso\u201d.&nbsp;<\/em><\/p>\n\n\n\n<p>Por otro lado, Diego Felipe Galindo, Auditor de N\u00f3mina y Transferencia de Entidades, menciona que su experiencia en Angiograf\u00eda se consolida desde hace 15 a\u00f1os. Su trayectoria, marcada de recuerdos positivos, le permite expresar su reconocimiento a la organizaci\u00f3n y enfatizar en que <em>\u201csomos una empresa con muchas sedes, muchas oportunidades laborales. De hecho, hay muchas personas han pasado y ya est\u00e1n pensionadas\u201d.<\/em> Para \u00e9l, nuestra organizaci\u00f3n es <strong>\u201cinnovaci\u00f3n, compromiso y lealtad\u201d.<\/strong>.&nbsp;<\/p>\n\n\n\n<p>As\u00ed, Angiograf\u00eda de Occidente se ha forjado durante los a\u00f1os como una entidad pionera en servicios de salud y talento humano, impactando positivamente a diversos usuarios y contando con un personal, que asciende a m\u00e1s de <strong>600 colaboradores.<\/strong>&nbsp;<\/p>\n\n\n\n<p>Juan Gabriel Ru\u00edz, Auxiliar de Seguridad y Salud en el Trabajo, afirma que lleg\u00f3 a la Compa\u00f1\u00eda desde hace 6 a\u00f1os y su crecimiento profesional ha sido determinante. Con el apoyo de la organizaci\u00f3n ha logrado culminar sus estudios profesionales y especializaci\u00f3n; lograr ascenso entre puestos laborales y aportar considerablemente a la empresa. \u201cEl apoyo ha sido total, gracias a eso y al reconocimiento de mi trabajo, he podido llegar ahora donde estoy. Realmente estoy muy orgulloso de pertenecer a Angiograf\u00eda de Occidente\u201d, afirma.&nbsp;<\/p>\n\n\n\n<p>Gracias al trabajo conjunto de los colaboradores durante los a\u00f1os, la organizaci\u00f3n ha obtenido diversos reconocimientos por su gesti\u00f3n y resultados tangibles -tanto interna como externamente-, destacando la comunicaci\u00f3n interna entre \u00e1reas de trabajo, la integralidad en la prestaci\u00f3n del servicio y profesionalismo constante. Gracias a esto, nos hemos convertido en l\u00edderes en el manejo de patolog\u00edas cardiovasculares y neurovasculares a nivel nacional y atenci\u00f3n a pacientes internacionales.&nbsp;<\/p>\n\n\n\n<p>Gustavo Adolfo Nen\u00e9, Director M\u00e9dico de IPS, afirma que ha laborado en la organizaci\u00f3n durante 7 a\u00f1os y para \u00e9l, Angiograf\u00eda de Occidente significa <strong>crecimiento<\/strong>. Gracias a su trayectoria laboral en la empresa, considera que los avances obtenidos han sido positivos y afirma que <em>\u201cpoder haber crecido dentro de la Compa\u00f1\u00eda, para m\u00ed es algo satisfactorio y emocionante\u201d, <\/em>por ello, desea que la organizaci\u00f3n contin\u00fae avanzando ya que<em> \u201ccuenta con un grupo humano muy capacitado\u201d.&nbsp;<\/em><\/p>\n\n\n\n<p>As\u00ed, cada colaborador guarda una experiencia positiva de vida, aprendizaje y servicio en nuestra organizaci\u00f3n, impactando considerablemente a nuestros usuarios a trav\u00e9s de cercan\u00eda, reconocimiento y pasi\u00f3n por las labores ejecutadas. Por eso hoy, en nuestros 27 a\u00f1os, agradecemos a todas las personas -usuarios y colaboradores- que nos han acompa\u00f1ado durante esta trayectoria, consolid\u00e1ndonos como l\u00edderes en salud, aportando conjuntamente a nuestra familia Angiograf\u00eda y demostrando que <strong>#SomosTodoCoraz\u00f3n.&nbsp;<\/strong><\/p>\n\n\n\n<p><strong>Nota realizada por: Mar\u00eda Antonia Gonz\u00e1lez Casas &#8211; Analista de Comunicaciones.<\/strong><\/p>\n","protected":false},"excerpt":{"rendered":"<p>Hoy celebramos 27 de a\u00f1os de estar contigo, de acompa\u00f1arte en tus procesos m\u00e9dicos y brindarte un excelente servicio, de la mano de los mejores profesionales. Por eso, queremos festejar esta fecha y compartirte la manera en la que, desde el interior, nos consolidamos como una gran familia.&nbsp; D\u00eda a d\u00eda, desde 1994, hemos contado [&hellip;]<\/p>\n","protected":false},"author":5,"featured_media":17931,"comment_status":"closed","ping_status":"open","sticky":true,"template":"","format":"standard","meta":{"footnotes":""},"categories":[158],"tags":[],"class_list":["post-17930","post","type-post","status-publish","format-standard","has-post-thumbnail","hentry","category-somostodocorazon"],"yoast_head":"<!-- This site is optimized with the Yoast SEO plugin v27.4 - https:\/\/yoast.com\/product\/yoast-seo-wordpress\/ -->\n<title>En Angiograf\u00eda de Occidente, \u00a1Celebramos 27 a\u00f1os de servicio! | Angiograf\u00eda de Occidente<\/title>\n<meta name=\"description\" content=\"Hoy celebramos 27 de a\u00f1os de estar contigo, de acompa\u00f1arte en tus procesos m\u00e9dicos y brindarte un excelente servicio, de la mano de los mejores profesionales. Por eso, queremos festejar esta fecha y compartirte la manera en la que, desde el interior, nos consolidamos como una gran familia.\" \/>\n<meta name=\"robots\" content=\"noindex, follow\" \/>\n<meta property=\"og:locale\" content=\"es_ES\" \/>\n<meta property=\"og:type\" content=\"article\" \/>\n<meta property=\"og:title\" content=\"En Angiograf\u00eda de Occidente, \u00a1Celebramos 27 a\u00f1os de servicio! | Angiograf\u00eda de Occidente\" \/>\n<meta property=\"og:description\" content=\"Hoy celebramos 27 de a\u00f1os de estar contigo, de acompa\u00f1arte en tus procesos m\u00e9dicos y brindarte un excelente servicio, de la mano de los mejores profesionales. Por eso, queremos festejar esta fecha y compartirte la manera en la que, desde el interior, nos consolidamos como una gran familia.\" \/>\n<meta property=\"og:url\" content=\"https:\/\/www.angiografiadeoccidente.com.co\/angio\/en-angiografia-de-occidente-celebramos-27-anos-de-servicio\/\" \/>\n<meta property=\"og:site_name\" content=\"Angiograf\u00eda de Occidente\" \/>\n<meta property=\"article:publisher\" content=\"https:\/\/www.facebook.com\/angiografiadeoccidentesa\/\" \/>\n<meta property=\"article:published_time\" content=\"2021-08-27T20:57:28+00:00\" \/>\n<meta property=\"article:modified_time\" content=\"2025-12-03T18:12:53+00:00\" \/>\n<meta property=\"og:image\" content=\"https:\/\/www.angiografiadeoccidente.com.co\/angio\/wp-content\/uploads\/2021\/08\/Pieza-web-Cumpleanos-Angiografia.png\" \/>\n\t<meta property=\"og:image:width\" content=\"915\" \/>\n\t<meta property=\"og:image:height\" content=\"516\" \/>\n\t<meta property=\"og:image:type\" content=\"image\/png\" \/>\n<meta name=\"author\" content=\"comunicaciones\" \/>\n<meta name=\"twitter:card\" content=\"summary_large_image\" \/>\n<meta name=\"twitter:creator\" content=\"@angiografiadeo\" \/>\n<meta name=\"twitter:site\" content=\"@angiografiadeo\" \/>\n<meta name=\"twitter:label1\" content=\"Escrito por\" \/>\n\t<meta name=\"twitter:data1\" content=\"comunicaciones\" \/>\n\t<meta name=\"twitter:label2\" content=\"Tiempo de lectura\" \/>\n\t<meta name=\"twitter:data2\" content=\"4 minutos\" \/>\n<script type=\"application\/ld+json\" class=\"yoast-schema-graph\">{\"@context\":\"https:\\\/\\\/schema.org\",\"@graph\":[{\"@type\":\"Article\",\"@id\":\"https:\\\/\\\/www.angiografiadeoccidente.com.co\\\/angio\\\/en-angiografia-de-occidente-celebramos-27-anos-de-servicio\\\/#article\",\"isPartOf\":{\"@id\":\"https:\\\/\\\/www.angiografiadeoccidente.com.co\\\/angio\\\/en-angiografia-de-occidente-celebramos-27-anos-de-servicio\\\/\"},\"author\":{\"name\":\"comunicaciones\",\"@id\":\"https:\\\/\\\/www.angiografiadeoccidente.com.co\\\/angio\\\/#\\\/schema\\\/person\\\/b58ac12758998d725805c403aa6e38e7\"},\"headline\":\"En Angiograf\u00eda de Occidente, \u00a1Celebramos 27 a\u00f1os de servicio!\",\"datePublished\":\"2021-08-27T20:57:28+00:00\",\"dateModified\":\"2025-12-03T18:12:53+00:00\",\"mainEntityOfPage\":{\"@id\":\"https:\\\/\\\/www.angiografiadeoccidente.com.co\\\/angio\\\/en-angiografia-de-occidente-celebramos-27-anos-de-servicio\\\/\"},\"wordCount\":789,\"publisher\":{\"@id\":\"https:\\\/\\\/www.angiografiadeoccidente.com.co\\\/angio\\\/#organization\"},\"image\":{\"@id\":\"https:\\\/\\\/www.angiografiadeoccidente.com.co\\\/angio\\\/en-angiografia-de-occidente-celebramos-27-anos-de-servicio\\\/#primaryimage\"},\"thumbnailUrl\":\"https:\\\/\\\/www.angiografiadeoccidente.com.co\\\/angio\\\/wp-content\\\/uploads\\\/2021\\\/08\\\/Pieza-web-Cumpleanos-Angiografia.png\",\"articleSection\":[\"#SomosTodoCoraz\u00f3n\"],\"inLanguage\":\"es\"},{\"@type\":\"WebPage\",\"@id\":\"https:\\\/\\\/www.angiografiadeoccidente.com.co\\\/angio\\\/en-angiografia-de-occidente-celebramos-27-anos-de-servicio\\\/\",\"url\":\"https:\\\/\\\/www.angiografiadeoccidente.com.co\\\/angio\\\/en-angiografia-de-occidente-celebramos-27-anos-de-servicio\\\/\",\"name\":\"En Angiograf\u00eda de Occidente, \u00a1Celebramos 27 a\u00f1os de servicio! | Angiograf\u00eda de Occidente\",\"isPartOf\":{\"@id\":\"https:\\\/\\\/www.angiografiadeoccidente.com.co\\\/angio\\\/#website\"},\"primaryImageOfPage\":{\"@id\":\"https:\\\/\\\/www.angiografiadeoccidente.com.co\\\/angio\\\/en-angiografia-de-occidente-celebramos-27-anos-de-servicio\\\/#primaryimage\"},\"image\":{\"@id\":\"https:\\\/\\\/www.angiografiadeoccidente.com.co\\\/angio\\\/en-angiografia-de-occidente-celebramos-27-anos-de-servicio\\\/#primaryimage\"},\"thumbnailUrl\":\"https:\\\/\\\/www.angiografiadeoccidente.com.co\\\/angio\\\/wp-content\\\/uploads\\\/2021\\\/08\\\/Pieza-web-Cumpleanos-Angiografia.png\",\"datePublished\":\"2021-08-27T20:57:28+00:00\",\"dateModified\":\"2025-12-03T18:12:53+00:00\",\"description\":\"Hoy celebramos 27 de a\u00f1os de estar contigo, de acompa\u00f1arte en tus procesos m\u00e9dicos y brindarte un excelente servicio, de la mano de los mejores profesionales. Por eso, queremos festejar esta fecha y compartirte la manera en la que, desde el interior, nos consolidamos como una gran familia.\",\"breadcrumb\":{\"@id\":\"https:\\\/\\\/www.angiografiadeoccidente.com.co\\\/angio\\\/en-angiografia-de-occidente-celebramos-27-anos-de-servicio\\\/#breadcrumb\"},\"inLanguage\":\"es\",\"potentialAction\":[{\"@type\":\"ReadAction\",\"target\":[\"https:\\\/\\\/www.angiografiadeoccidente.com.co\\\/angio\\\/en-angiografia-de-occidente-celebramos-27-anos-de-servicio\\\/\"]}]},{\"@type\":\"ImageObject\",\"inLanguage\":\"es\",\"@id\":\"https:\\\/\\\/www.angiografiadeoccidente.com.co\\\/angio\\\/en-angiografia-de-occidente-celebramos-27-anos-de-servicio\\\/#primaryimage\",\"url\":\"https:\\\/\\\/www.angiografiadeoccidente.com.co\\\/angio\\\/wp-content\\\/uploads\\\/2021\\\/08\\\/Pieza-web-Cumpleanos-Angiografia.png\",\"contentUrl\":\"https:\\\/\\\/www.angiografiadeoccidente.com.co\\\/angio\\\/wp-content\\\/uploads\\\/2021\\\/08\\\/Pieza-web-Cumpleanos-Angiografia.png\",\"width\":915,\"height\":516},{\"@type\":\"BreadcrumbList\",\"@id\":\"https:\\\/\\\/www.angiografiadeoccidente.com.co\\\/angio\\\/en-angiografia-de-occidente-celebramos-27-anos-de-servicio\\\/#breadcrumb\",\"itemListElement\":[{\"@type\":\"ListItem\",\"position\":1,\"name\":\"Portada\",\"item\":\"https:\\\/\\\/www.angiografiadeoccidente.com.co\\\/angio\\\/\"},{\"@type\":\"ListItem\",\"position\":2,\"name\":\"En Angiograf\u00eda de Occidente, \u00a1Celebramos 27 a\u00f1os de servicio!\"}]},{\"@type\":\"WebSite\",\"@id\":\"https:\\\/\\\/www.angiografiadeoccidente.com.co\\\/angio\\\/#website\",\"url\":\"https:\\\/\\\/www.angiografiadeoccidente.com.co\\\/angio\\\/\",\"name\":\"Angiograf\u00eda de Occidente\",\"description\":\"\",\"publisher\":{\"@id\":\"https:\\\/\\\/www.angiografiadeoccidente.com.co\\\/angio\\\/#organization\"},\"potentialAction\":[{\"@type\":\"SearchAction\",\"target\":{\"@type\":\"EntryPoint\",\"urlTemplate\":\"https:\\\/\\\/www.angiografiadeoccidente.com.co\\\/angio\\\/?s={search_term_string}\"},\"query-input\":{\"@type\":\"PropertyValueSpecification\",\"valueRequired\":true,\"valueName\":\"search_term_string\"}}],\"inLanguage\":\"es\"},{\"@type\":\"Organization\",\"@id\":\"https:\\\/\\\/www.angiografiadeoccidente.com.co\\\/angio\\\/#organization\",\"name\":\"ANGIOGRAF\u00cdA DE OCCIDENTE\",\"url\":\"https:\\\/\\\/www.angiografiadeoccidente.com.co\\\/angio\\\/\",\"logo\":{\"@type\":\"ImageObject\",\"inLanguage\":\"es\",\"@id\":\"https:\\\/\\\/www.angiografiadeoccidente.com.co\\\/angio\\\/#\\\/schema\\\/logo\\\/image\\\/\",\"url\":\"https:\\\/\\\/www.angiografiadeoccidente.com.co\\\/angio\\\/wp-content\\\/uploads\\\/2020\\\/06\\\/color-horizontal.png\",\"contentUrl\":\"https:\\\/\\\/www.angiografiadeoccidente.com.co\\\/angio\\\/wp-content\\\/uploads\\\/2020\\\/06\\\/color-horizontal.png\",\"width\":500,\"height\":155,\"caption\":\"ANGIOGRAF\u00cdA DE OCCIDENTE\"},\"image\":{\"@id\":\"https:\\\/\\\/www.angiografiadeoccidente.com.co\\\/angio\\\/#\\\/schema\\\/logo\\\/image\\\/\"},\"sameAs\":[\"https:\\\/\\\/www.facebook.com\\\/angiografiadeoccidentesa\\\/\",\"https:\\\/\\\/x.com\\\/angiografiadeo\",\"https:\\\/\\\/www.instagram.com\\\/angiografiadeoccidente\\\/\",\"https:\\\/\\\/www.linkedin.com\\\/in\\\/angiografiadeoccidente\\\/\",\"https:\\\/\\\/www.youtube.com\\\/channel\\\/UChja9ImlUP-vGj_ZZx5mH2A?view_as=subscriber\"]},{\"@type\":\"Person\",\"@id\":\"https:\\\/\\\/www.angiografiadeoccidente.com.co\\\/angio\\\/#\\\/schema\\\/person\\\/b58ac12758998d725805c403aa6e38e7\",\"name\":\"comunicaciones\",\"image\":{\"@type\":\"ImageObject\",\"inLanguage\":\"es\",\"@id\":\"https:\\\/\\\/secure.gravatar.com\\\/avatar\\\/f2429596063288182014d244741ac823aaed2ed770eb52de304b6fb4bd15268c?s=96&d=mm&r=g\",\"url\":\"https:\\\/\\\/secure.gravatar.com\\\/avatar\\\/f2429596063288182014d244741ac823aaed2ed770eb52de304b6fb4bd15268c?s=96&d=mm&r=g\",\"contentUrl\":\"https:\\\/\\\/secure.gravatar.com\\\/avatar\\\/f2429596063288182014d244741ac823aaed2ed770eb52de304b6fb4bd15268c?s=96&d=mm&r=g\",\"caption\":\"comunicaciones\"}}]}<\/script>\n<!-- \/ Yoast SEO plugin. -->","yoast_head_json":{"title":"En Angiograf\u00eda de Occidente, \u00a1Celebramos 27 a\u00f1os de servicio! | Angiograf\u00eda de Occidente","description":"Hoy celebramos 27 de a\u00f1os de estar contigo, de acompa\u00f1arte en tus procesos m\u00e9dicos y brindarte un excelente servicio, de la mano de los mejores profesionales. Por eso, queremos festejar esta fecha y compartirte la manera en la que, desde el interior, nos consolidamos como una gran familia.","robots":{"index":"noindex","follow":"follow"},"og_locale":"es_ES","og_type":"article","og_title":"En Angiograf\u00eda de Occidente, \u00a1Celebramos 27 a\u00f1os de servicio! | Angiograf\u00eda de Occidente","og_description":"Hoy celebramos 27 de a\u00f1os de estar contigo, de acompa\u00f1arte en tus procesos m\u00e9dicos y brindarte un excelente servicio, de la mano de los mejores profesionales. Por eso, queremos festejar esta fecha y compartirte la manera en la que, desde el interior, nos consolidamos como una gran familia.","og_url":"https:\/\/www.angiografiadeoccidente.com.co\/angio\/en-angiografia-de-occidente-celebramos-27-anos-de-servicio\/","og_site_name":"Angiograf\u00eda de Occidente","article_publisher":"https:\/\/www.facebook.com\/angiografiadeoccidentesa\/","article_published_time":"2021-08-27T20:57:28+00:00","article_modified_time":"2025-12-03T18:12:53+00:00","og_image":[{"width":915,"height":516,"url":"https:\/\/www.angiografiadeoccidente.com.co\/angio\/wp-content\/uploads\/2021\/08\/Pieza-web-Cumpleanos-Angiografia.png","type":"image\/png"}],"author":"comunicaciones","twitter_card":"summary_large_image","twitter_creator":"@angiografiadeo","twitter_site":"@angiografiadeo","twitter_misc":{"Escrito por":"comunicaciones","Tiempo de lectura":"4 minutos"},"schema":{"@context":"https:\/\/schema.org","@graph":[{"@type":"Article","@id":"https:\/\/www.angiografiadeoccidente.com.co\/angio\/en-angiografia-de-occidente-celebramos-27-anos-de-servicio\/#article","isPartOf":{"@id":"https:\/\/www.angiografiadeoccidente.com.co\/angio\/en-angiografia-de-occidente-celebramos-27-anos-de-servicio\/"},"author":{"name":"comunicaciones","@id":"https:\/\/www.angiografiadeoccidente.com.co\/angio\/#\/schema\/person\/b58ac12758998d725805c403aa6e38e7"},"headline":"En Angiograf\u00eda de Occidente, \u00a1Celebramos 27 a\u00f1os de servicio!","datePublished":"2021-08-27T20:57:28+00:00","dateModified":"2025-12-03T18:12:53+00:00","mainEntityOfPage":{"@id":"https:\/\/www.angiografiadeoccidente.com.co\/angio\/en-angiografia-de-occidente-celebramos-27-anos-de-servicio\/"},"wordCount":789,"publisher":{"@id":"https:\/\/www.angiografiadeoccidente.com.co\/angio\/#organization"},"image":{"@id":"https:\/\/www.angiografiadeoccidente.com.co\/angio\/en-angiografia-de-occidente-celebramos-27-anos-de-servicio\/#primaryimage"},"thumbnailUrl":"https:\/\/www.angiografiadeoccidente.com.co\/angio\/wp-content\/uploads\/2021\/08\/Pieza-web-Cumpleanos-Angiografia.png","articleSection":["#SomosTodoCoraz\u00f3n"],"inLanguage":"es"},{"@type":"WebPage","@id":"https:\/\/www.angiografiadeoccidente.com.co\/angio\/en-angiografia-de-occidente-celebramos-27-anos-de-servicio\/","url":"https:\/\/www.angiografiadeoccidente.com.co\/angio\/en-angiografia-de-occidente-celebramos-27-anos-de-servicio\/","name":"En Angiograf\u00eda de Occidente, \u00a1Celebramos 27 a\u00f1os de servicio! | Angiograf\u00eda de Occidente","isPartOf":{"@id":"https:\/\/www.angiografiadeoccidente.com.co\/angio\/#website"},"primaryImageOfPage":{"@id":"https:\/\/www.angiografiadeoccidente.com.co\/angio\/en-angiografia-de-occidente-celebramos-27-anos-de-servicio\/#primaryimage"},"image":{"@id":"https:\/\/www.angiografiadeoccidente.com.co\/angio\/en-angiografia-de-occidente-celebramos-27-anos-de-servicio\/#primaryimage"},"thumbnailUrl":"https:\/\/www.angiografiadeoccidente.com.co\/angio\/wp-content\/uploads\/2021\/08\/Pieza-web-Cumpleanos-Angiografia.png","datePublished":"2021-08-27T20:57:28+00:00","dateModified":"2025-12-03T18:12:53+00:00","description":"Hoy celebramos 27 de a\u00f1os de estar contigo, de acompa\u00f1arte en tus procesos m\u00e9dicos y brindarte un excelente servicio, de la mano de los mejores profesionales. Por eso, queremos festejar esta fecha y compartirte la manera en la que, desde el interior, nos consolidamos como una gran familia.","breadcrumb":{"@id":"https:\/\/www.angiografiadeoccidente.com.co\/angio\/en-angiografia-de-occidente-celebramos-27-anos-de-servicio\/#breadcrumb"},"inLanguage":"es","potentialAction":[{"@type":"ReadAction","target":["https:\/\/www.angiografiadeoccidente.com.co\/angio\/en-angiografia-de-occidente-celebramos-27-anos-de-servicio\/"]}]},{"@type":"ImageObject","inLanguage":"es","@id":"https:\/\/www.angiografiadeoccidente.com.co\/angio\/en-angiografia-de-occidente-celebramos-27-anos-de-servicio\/#primaryimage","url":"https:\/\/www.angiografiadeoccidente.com.co\/angio\/wp-content\/uploads\/2021\/08\/Pieza-web-Cumpleanos-Angiografia.png","contentUrl":"https:\/\/www.angiografiadeoccidente.com.co\/angio\/wp-content\/uploads\/2021\/08\/Pieza-web-Cumpleanos-Angiografia.png","width":915,"height":516},{"@type":"BreadcrumbList","@id":"https:\/\/www.angiografiadeoccidente.com.co\/angio\/en-angiografia-de-occidente-celebramos-27-anos-de-servicio\/#breadcrumb","itemListElement":[{"@type":"ListItem","position":1,"name":"Portada","item":"https:\/\/www.angiografiadeoccidente.com.co\/angio\/"},{"@type":"ListItem","position":2,"name":"En Angiograf\u00eda de Occidente, \u00a1Celebramos 27 a\u00f1os de servicio!"}]},{"@type":"WebSite","@id":"https:\/\/www.angiografiadeoccidente.com.co\/angio\/#website","url":"https:\/\/www.angiografiadeoccidente.com.co\/angio\/","name":"Angiograf\u00eda de Occidente","description":"","publisher":{"@id":"https:\/\/www.angiografiadeoccidente.com.co\/angio\/#organization"},"potentialAction":[{"@type":"SearchAction","target":{"@type":"EntryPoint","urlTemplate":"https:\/\/www.angiografiadeoccidente.com.co\/angio\/?s={search_term_string}"},"query-input":{"@type":"PropertyValueSpecification","valueRequired":true,"valueName":"search_term_string"}}],"inLanguage":"es"},{"@type":"Organization","@id":"https:\/\/www.angiografiadeoccidente.com.co\/angio\/#organization","name":"ANGIOGRAF\u00cdA DE OCCIDENTE","url":"https:\/\/www.angiografiadeoccidente.com.co\/angio\/","logo":{"@type":"ImageObject","inLanguage":"es","@id":"https:\/\/www.angiografiadeoccidente.com.co\/angio\/#\/schema\/logo\/image\/","url":"https:\/\/www.angiografiadeoccidente.com.co\/angio\/wp-content\/uploads\/2020\/06\/color-horizontal.png","contentUrl":"https:\/\/www.angiografiadeoccidente.com.co\/angio\/wp-content\/uploads\/2020\/06\/color-horizontal.png","width":500,"height":155,"caption":"ANGIOGRAF\u00cdA DE OCCIDENTE"},"image":{"@id":"https:\/\/www.angiografiadeoccidente.com.co\/angio\/#\/schema\/logo\/image\/"},"sameAs":["https:\/\/www.facebook.com\/angiografiadeoccidentesa\/","https:\/\/x.com\/angiografiadeo","https:\/\/www.instagram.com\/angiografiadeoccidente\/","https:\/\/www.linkedin.com\/in\/angiografiadeoccidente\/","https:\/\/www.youtube.com\/channel\/UChja9ImlUP-vGj_ZZx5mH2A?view_as=subscriber"]},{"@type":"Person","@id":"https:\/\/www.angiografiadeoccidente.com.co\/angio\/#\/schema\/person\/b58ac12758998d725805c403aa6e38e7","name":"comunicaciones","image":{"@type":"ImageObject","inLanguage":"es","@id":"https:\/\/secure.gravatar.com\/avatar\/f2429596063288182014d244741ac823aaed2ed770eb52de304b6fb4bd15268c?s=96&d=mm&r=g","url":"https:\/\/secure.gravatar.com\/avatar\/f2429596063288182014d244741ac823aaed2ed770eb52de304b6fb4bd15268c?s=96&d=mm&r=g","contentUrl":"https:\/\/secure.gravatar.com\/avatar\/f2429596063288182014d244741ac823aaed2ed770eb52de304b6fb4bd15268c?s=96&d=mm&r=g","caption":"comunicaciones"}}]}},"_links":{"self":[{"href":"https:\/\/www.angiografiadeoccidente.com.co\/angio\/wp-json\/wp\/v2\/posts\/17930","targetHints":{"allow":["GET"]}}],"collection":[{"href":"https:\/\/www.angiografiadeoccidente.com.co\/angio\/wp-json\/wp\/v2\/posts"}],"about":[{"href":"https:\/\/www.angiografiadeoccidente.com.co\/angio\/wp-json\/wp\/v2\/types\/post"}],"author":[{"embeddable":true,"href":"https:\/\/www.angiografiadeoccidente.com.co\/angio\/wp-json\/wp\/v2\/users\/5"}],"replies":[{"embeddable":true,"href":"https:\/\/www.angiografiadeoccidente.com.co\/angio\/wp-json\/wp\/v2\/comments?post=17930"}],"version-history":[{"count":1,"href":"https:\/\/www.angiografiadeoccidente.com.co\/angio\/wp-json\/wp\/v2\/posts\/17930\/revisions"}],"predecessor-version":[{"id":17932,"href":"https:\/\/www.angiografiadeoccidente.com.co\/angio\/wp-json\/wp\/v2\/posts\/17930\/revisions\/17932"}],"wp:featuredmedia":[{"embeddable":true,"href":"https:\/\/www.angiografiadeoccidente.com.co\/angio\/wp-json\/wp\/v2\/media\/17931"}],"wp:attachment":[{"href":"https:\/\/www.angiografiadeoccidente.com.co\/angio\/wp-json\/wp\/v2\/media?parent=17930"}],"wp:term":[{"taxonomy":"category","embeddable":true,"href":"https:\/\/www.angiografiadeoccidente.com.co\/angio\/wp-json\/wp\/v2\/categories?post=17930"},{"taxonomy":"post_tag","embeddable":true,"href":"https:\/\/www.angiografiadeoccidente.com.co\/angio\/wp-json\/wp\/v2\/tags?post=17930"}],"curies":[{"name":"wp","href":"https:\/\/api.w.org\/{rel}","templated":true}]}}