{"id":17936,"date":"2021-08-30T23:25:51","date_gmt":"2021-08-30T23:25:51","guid":{"rendered":"https:\/\/www.angiografiadeoccidente.com.co\/angio\/?p=17936"},"modified":"2025-12-03T18:12:53","modified_gmt":"2025-12-03T18:12:53","slug":"llevamos-a-cabo-la-jornada-de-vacunacion-para-personas-entre-los-12-y-17-anos","status":"publish","type":"post","link":"https:\/\/www.angiografiadeoccidente.com.co\/angio\/llevamos-a-cabo-la-jornada-de-vacunacion-para-personas-entre-los-12-y-17-anos\/","title":{"rendered":"llevamos a cabo la jornada de vacunaci\u00f3n para personas entre los 12 y 17 a\u00f1os"},"content":{"rendered":"\n<ul class=\"wp-block-list\"><li>En Angiograf\u00eda de Occidente #YoTeCuidoT\u00faMeCuidas, por eso el pasado s\u00e1bado 28 de agosto llevamos a cabo la jornada de vacunaci\u00f3n para personas entre los 12 y 17 a\u00f1os.<br><br>Ni\u00f1os, ni\u00f1as y adolescentes de diferentes barrios de la ciudad de Cali visitaron este fin de semana nuestro Megacentro ubicado en la carrera 43 #5B-23 para recibir la vacuna contra el COVID-19, adem\u00e1s de disfrutar una tarde llena de rifas y premios. Acompa\u00f1ados de sus padres o tutores, cada uno de ellos recibi\u00f3 capacitaci\u00f3n sobre la eficacia y protecci\u00f3n que ofrecen las vacunas, adem\u00e1s de tener en cuenta los cuidados post vacunaci\u00f3n y sobre todo, recordar las medidas de bioseguridad dentro y fuera del hogar.<br><br>En Angiograf\u00eda te recordamos que todas las vacunas son seguras, por eso te invitamos a visitarnos en los siguientes centros de vacunaci\u00f3n habilitados por nosotros. Solo necesitas presentar tu c\u00e9dula o documento de identidad original. Las personas entre 12 y 17 a\u00f1os deben asistir en compa\u00f1\u00eda de sus padres o tutores legales:<br><br>&#8211; <strong>Megacentro de Vacunaci\u00f3n<\/strong><br>Direcci\u00f3n: Carrera 43 #5B-23, Barrio Tequendama<br><br>Lunes a Viernes 7:00 a.m. a 5:00 p.m.<br>S\u00e1bados de 7:00 a.m. a 3:00 p.m.<br>Domingos no se presta el servicio.<br><br>&#8211; Tambi\u00e9n puedes visitarnos en las <strong>IPS de Nueva EPS Villacolombia, Calle 26, Capitolio y V\u00e1squez Cobo.<\/strong><br><br>Lunes a Viernes 7:00 a.m. a 5:00 p.m.<br>S\u00e1bados de 7:00 a.m. a 3:00 p.m.<br>Domingos no se presta el servicio.<br><br>Si deseas continuar enter\u00e1ndote de las actividades y noticias que traemos para nuestros colaboradores y usuarios, te invitamos a seguirnos en nuestras redes sociales Facebook, Instagram, Twitter y YouTube: @Angiografiadeoccidente.<br><br>Nota realizada por Cristhian C\u00f3rdoba \u2013 Analista de Dise\u00f1o<\/li><\/ul>\n","protected":false},"excerpt":{"rendered":"<p>En Angiograf\u00eda de Occidente #YoTeCuidoT\u00faMeCuidas, por eso el pasado s\u00e1bado 28 de agosto llevamos a cabo la jornada de vacunaci\u00f3n para personas entre los 12 y 17 a\u00f1os. Ni\u00f1os, ni\u00f1as y adolescentes de diferentes barrios de la ciudad de Cali visitaron este fin de semana nuestro Megacentro ubicado en la carrera 43 #5B-23 para recibir [&hellip;]<\/p>\n","protected":false},"author":5,"featured_media":17937,"comment_status":"closed","ping_status":"open","sticky":false,"template":"","format":"standard","meta":{"footnotes":""},"categories":[158,155,157],"tags":[128,130],"class_list":["post-17936","post","type-post","status-publish","format-standard","has-post-thumbnail","hentry","category-somostodocorazon","category-noticiasangio","category-salud","tag-megacentro-vacunacion","tag-vacunacion-covid-19"],"yoast_head":"<!-- This site is optimized with the Yoast SEO plugin v27.4 - https:\/\/yoast.com\/product\/yoast-seo-wordpress\/ -->\n<title>llevamos a cabo la jornada de vacunaci\u00f3n para personas entre los 12 y 17 a\u00f1os | Angiograf\u00eda de Occidente<\/title>\n<meta name=\"description\" content=\"En Angiograf\u00eda de Occidente #YoTeCuidoT\u00faMeCuidas, por eso el pasado s\u00e1bado 28 de agosto llevamos a cabo la jornada de vacunaci\u00f3n para personas entre los 12 y 17 a\u00f1os\" \/>\n<meta name=\"robots\" content=\"noindex, follow\" \/>\n<meta property=\"og:locale\" content=\"es_ES\" \/>\n<meta property=\"og:type\" content=\"article\" \/>\n<meta property=\"og:title\" content=\"llevamos a cabo la jornada de vacunaci\u00f3n para personas entre los 12 y 17 a\u00f1os | Angiograf\u00eda de Occidente\" \/>\n<meta property=\"og:description\" content=\"En Angiograf\u00eda de Occidente #YoTeCuidoT\u00faMeCuidas, por eso el pasado s\u00e1bado 28 de agosto llevamos a cabo la jornada de vacunaci\u00f3n para personas entre los 12 y 17 a\u00f1os\" \/>\n<meta property=\"og:url\" content=\"https:\/\/www.angiografiadeoccidente.com.co\/angio\/llevamos-a-cabo-la-jornada-de-vacunacion-para-personas-entre-los-12-y-17-anos\/\" \/>\n<meta property=\"og:site_name\" content=\"Angiograf\u00eda de Occidente\" \/>\n<meta property=\"article:publisher\" content=\"https:\/\/www.facebook.com\/angiografiadeoccidentesa\/\" \/>\n<meta property=\"article:published_time\" content=\"2021-08-30T23:25:51+00:00\" \/>\n<meta property=\"article:modified_time\" content=\"2025-12-03T18:12:53+00:00\" \/>\n<meta property=\"og:image\" content=\"https:\/\/www.angiografiadeoccidente.com.co\/angio\/wp-content\/uploads\/2021\/08\/Mesa-de-trabajo-1.png\" \/>\n\t<meta property=\"og:image:width\" content=\"1920\" \/>\n\t<meta property=\"og:image:height\" content=\"1080\" \/>\n\t<meta property=\"og:image:type\" content=\"image\/png\" \/>\n<meta name=\"author\" content=\"comunicaciones\" \/>\n<meta name=\"twitter:card\" content=\"summary_large_image\" \/>\n<meta name=\"twitter:creator\" content=\"@angiografiadeo\" \/>\n<meta name=\"twitter:site\" content=\"@angiografiadeo\" \/>\n<meta name=\"twitter:label1\" content=\"Escrito por\" \/>\n\t<meta name=\"twitter:data1\" content=\"comunicaciones\" \/>\n\t<meta name=\"twitter:label2\" content=\"Tiempo de lectura\" \/>\n\t<meta name=\"twitter:data2\" content=\"2 minutos\" \/>\n<script type=\"application\/ld+json\" class=\"yoast-schema-graph\">{\"@context\":\"https:\\\/\\\/schema.org\",\"@graph\":[{\"@type\":\"Article\",\"@id\":\"https:\\\/\\\/www.angiografiadeoccidente.com.co\\\/angio\\\/llevamos-a-cabo-la-jornada-de-vacunacion-para-personas-entre-los-12-y-17-anos\\\/#article\",\"isPartOf\":{\"@id\":\"https:\\\/\\\/www.angiografiadeoccidente.com.co\\\/angio\\\/llevamos-a-cabo-la-jornada-de-vacunacion-para-personas-entre-los-12-y-17-anos\\\/\"},\"author\":{\"name\":\"comunicaciones\",\"@id\":\"https:\\\/\\\/www.angiografiadeoccidente.com.co\\\/angio\\\/#\\\/schema\\\/person\\\/b58ac12758998d725805c403aa6e38e7\"},\"headline\":\"llevamos a cabo la jornada de vacunaci\u00f3n para personas entre los 12 y 17 a\u00f1os\",\"datePublished\":\"2021-08-30T23:25:51+00:00\",\"dateModified\":\"2025-12-03T18:12:53+00:00\",\"mainEntityOfPage\":{\"@id\":\"https:\\\/\\\/www.angiografiadeoccidente.com.co\\\/angio\\\/llevamos-a-cabo-la-jornada-de-vacunacion-para-personas-entre-los-12-y-17-anos\\\/\"},\"wordCount\":306,\"publisher\":{\"@id\":\"https:\\\/\\\/www.angiografiadeoccidente.com.co\\\/angio\\\/#organization\"},\"image\":{\"@id\":\"https:\\\/\\\/www.angiografiadeoccidente.com.co\\\/angio\\\/llevamos-a-cabo-la-jornada-de-vacunacion-para-personas-entre-los-12-y-17-anos\\\/#primaryimage\"},\"thumbnailUrl\":\"https:\\\/\\\/www.angiografiadeoccidente.com.co\\\/angio\\\/wp-content\\\/uploads\\\/2021\\\/08\\\/Mesa-de-trabajo-1.png\",\"keywords\":[\"megacentro vacunaci\u00f3n\",\"Vacunaci\u00f3n covid 19\"],\"articleSection\":[\"#SomosTodoCoraz\u00f3n\",\"Noticias Angio\",\"Salud\"],\"inLanguage\":\"es\"},{\"@type\":\"WebPage\",\"@id\":\"https:\\\/\\\/www.angiografiadeoccidente.com.co\\\/angio\\\/llevamos-a-cabo-la-jornada-de-vacunacion-para-personas-entre-los-12-y-17-anos\\\/\",\"url\":\"https:\\\/\\\/www.angiografiadeoccidente.com.co\\\/angio\\\/llevamos-a-cabo-la-jornada-de-vacunacion-para-personas-entre-los-12-y-17-anos\\\/\",\"name\":\"llevamos a cabo la jornada de vacunaci\u00f3n para personas entre los 12 y 17 a\u00f1os | Angiograf\u00eda de Occidente\",\"isPartOf\":{\"@id\":\"https:\\\/\\\/www.angiografiadeoccidente.com.co\\\/angio\\\/#website\"},\"primaryImageOfPage\":{\"@id\":\"https:\\\/\\\/www.angiografiadeoccidente.com.co\\\/angio\\\/llevamos-a-cabo-la-jornada-de-vacunacion-para-personas-entre-los-12-y-17-anos\\\/#primaryimage\"},\"image\":{\"@id\":\"https:\\\/\\\/www.angiografiadeoccidente.com.co\\\/angio\\\/llevamos-a-cabo-la-jornada-de-vacunacion-para-personas-entre-los-12-y-17-anos\\\/#primaryimage\"},\"thumbnailUrl\":\"https:\\\/\\\/www.angiografiadeoccidente.com.co\\\/angio\\\/wp-content\\\/uploads\\\/2021\\\/08\\\/Mesa-de-trabajo-1.png\",\"datePublished\":\"2021-08-30T23:25:51+00:00\",\"dateModified\":\"2025-12-03T18:12:53+00:00\",\"description\":\"En Angiograf\u00eda de Occidente #YoTeCuidoT\u00faMeCuidas, por eso el pasado s\u00e1bado 28 de agosto llevamos a cabo la jornada de vacunaci\u00f3n para personas entre los 12 y 17 a\u00f1os\",\"breadcrumb\":{\"@id\":\"https:\\\/\\\/www.angiografiadeoccidente.com.co\\\/angio\\\/llevamos-a-cabo-la-jornada-de-vacunacion-para-personas-entre-los-12-y-17-anos\\\/#breadcrumb\"},\"inLanguage\":\"es\",\"potentialAction\":[{\"@type\":\"ReadAction\",\"target\":[\"https:\\\/\\\/www.angiografiadeoccidente.com.co\\\/angio\\\/llevamos-a-cabo-la-jornada-de-vacunacion-para-personas-entre-los-12-y-17-anos\\\/\"]}]},{\"@type\":\"ImageObject\",\"inLanguage\":\"es\",\"@id\":\"https:\\\/\\\/www.angiografiadeoccidente.com.co\\\/angio\\\/llevamos-a-cabo-la-jornada-de-vacunacion-para-personas-entre-los-12-y-17-anos\\\/#primaryimage\",\"url\":\"https:\\\/\\\/www.angiografiadeoccidente.com.co\\\/angio\\\/wp-content\\\/uploads\\\/2021\\\/08\\\/Mesa-de-trabajo-1.png\",\"contentUrl\":\"https:\\\/\\\/www.angiografiadeoccidente.com.co\\\/angio\\\/wp-content\\\/uploads\\\/2021\\\/08\\\/Mesa-de-trabajo-1.png\",\"width\":1920,\"height\":1080},{\"@type\":\"BreadcrumbList\",\"@id\":\"https:\\\/\\\/www.angiografiadeoccidente.com.co\\\/angio\\\/llevamos-a-cabo-la-jornada-de-vacunacion-para-personas-entre-los-12-y-17-anos\\\/#breadcrumb\",\"itemListElement\":[{\"@type\":\"ListItem\",\"position\":1,\"name\":\"Portada\",\"item\":\"https:\\\/\\\/www.angiografiadeoccidente.com.co\\\/angio\\\/\"},{\"@type\":\"ListItem\",\"position\":2,\"name\":\"llevamos a cabo la jornada de vacunaci\u00f3n para personas entre los 12 y 17 a\u00f1os\"}]},{\"@type\":\"WebSite\",\"@id\":\"https:\\\/\\\/www.angiografiadeoccidente.com.co\\\/angio\\\/#website\",\"url\":\"https:\\\/\\\/www.angiografiadeoccidente.com.co\\\/angio\\\/\",\"name\":\"Angiograf\u00eda de Occidente\",\"description\":\"\",\"publisher\":{\"@id\":\"https:\\\/\\\/www.angiografiadeoccidente.com.co\\\/angio\\\/#organization\"},\"potentialAction\":[{\"@type\":\"SearchAction\",\"target\":{\"@type\":\"EntryPoint\",\"urlTemplate\":\"https:\\\/\\\/www.angiografiadeoccidente.com.co\\\/angio\\\/?s={search_term_string}\"},\"query-input\":{\"@type\":\"PropertyValueSpecification\",\"valueRequired\":true,\"valueName\":\"search_term_string\"}}],\"inLanguage\":\"es\"},{\"@type\":\"Organization\",\"@id\":\"https:\\\/\\\/www.angiografiadeoccidente.com.co\\\/angio\\\/#organization\",\"name\":\"ANGIOGRAF\u00cdA DE OCCIDENTE\",\"url\":\"https:\\\/\\\/www.angiografiadeoccidente.com.co\\\/angio\\\/\",\"logo\":{\"@type\":\"ImageObject\",\"inLanguage\":\"es\",\"@id\":\"https:\\\/\\\/www.angiografiadeoccidente.com.co\\\/angio\\\/#\\\/schema\\\/logo\\\/image\\\/\",\"url\":\"https:\\\/\\\/www.angiografiadeoccidente.com.co\\\/angio\\\/wp-content\\\/uploads\\\/2020\\\/06\\\/color-horizontal.png\",\"contentUrl\":\"https:\\\/\\\/www.angiografiadeoccidente.com.co\\\/angio\\\/wp-content\\\/uploads\\\/2020\\\/06\\\/color-horizontal.png\",\"width\":500,\"height\":155,\"caption\":\"ANGIOGRAF\u00cdA DE OCCIDENTE\"},\"image\":{\"@id\":\"https:\\\/\\\/www.angiografiadeoccidente.com.co\\\/angio\\\/#\\\/schema\\\/logo\\\/image\\\/\"},\"sameAs\":[\"https:\\\/\\\/www.facebook.com\\\/angiografiadeoccidentesa\\\/\",\"https:\\\/\\\/x.com\\\/angiografiadeo\",\"https:\\\/\\\/www.instagram.com\\\/angiografiadeoccidente\\\/\",\"https:\\\/\\\/www.linkedin.com\\\/in\\\/angiografiadeoccidente\\\/\",\"https:\\\/\\\/www.youtube.com\\\/channel\\\/UChja9ImlUP-vGj_ZZx5mH2A?view_as=subscriber\"]},{\"@type\":\"Person\",\"@id\":\"https:\\\/\\\/www.angiografiadeoccidente.com.co\\\/angio\\\/#\\\/schema\\\/person\\\/b58ac12758998d725805c403aa6e38e7\",\"name\":\"comunicaciones\",\"image\":{\"@type\":\"ImageObject\",\"inLanguage\":\"es\",\"@id\":\"https:\\\/\\\/secure.gravatar.com\\\/avatar\\\/f2429596063288182014d244741ac823aaed2ed770eb52de304b6fb4bd15268c?s=96&d=mm&r=g\",\"url\":\"https:\\\/\\\/secure.gravatar.com\\\/avatar\\\/f2429596063288182014d244741ac823aaed2ed770eb52de304b6fb4bd15268c?s=96&d=mm&r=g\",\"contentUrl\":\"https:\\\/\\\/secure.gravatar.com\\\/avatar\\\/f2429596063288182014d244741ac823aaed2ed770eb52de304b6fb4bd15268c?s=96&d=mm&r=g\",\"caption\":\"comunicaciones\"}}]}<\/script>\n<!-- \/ Yoast SEO plugin. -->","yoast_head_json":{"title":"llevamos a cabo la jornada de vacunaci\u00f3n para personas entre los 12 y 17 a\u00f1os | Angiograf\u00eda de Occidente","description":"En Angiograf\u00eda de Occidente #YoTeCuidoT\u00faMeCuidas, por eso el pasado s\u00e1bado 28 de agosto llevamos a cabo la jornada de vacunaci\u00f3n para personas entre los 12 y 17 a\u00f1os","robots":{"index":"noindex","follow":"follow"},"og_locale":"es_ES","og_type":"article","og_title":"llevamos a cabo la jornada de vacunaci\u00f3n para personas entre los 12 y 17 a\u00f1os | Angiograf\u00eda de Occidente","og_description":"En Angiograf\u00eda de Occidente #YoTeCuidoT\u00faMeCuidas, por eso el pasado s\u00e1bado 28 de agosto llevamos a cabo la jornada de vacunaci\u00f3n para personas entre los 12 y 17 a\u00f1os","og_url":"https:\/\/www.angiografiadeoccidente.com.co\/angio\/llevamos-a-cabo-la-jornada-de-vacunacion-para-personas-entre-los-12-y-17-anos\/","og_site_name":"Angiograf\u00eda de Occidente","article_publisher":"https:\/\/www.facebook.com\/angiografiadeoccidentesa\/","article_published_time":"2021-08-30T23:25:51+00:00","article_modified_time":"2025-12-03T18:12:53+00:00","og_image":[{"width":1920,"height":1080,"url":"https:\/\/www.angiografiadeoccidente.com.co\/angio\/wp-content\/uploads\/2021\/08\/Mesa-de-trabajo-1.png","type":"image\/png"}],"author":"comunicaciones","twitter_card":"summary_large_image","twitter_creator":"@angiografiadeo","twitter_site":"@angiografiadeo","twitter_misc":{"Escrito por":"comunicaciones","Tiempo de lectura":"2 minutos"},"schema":{"@context":"https:\/\/schema.org","@graph":[{"@type":"Article","@id":"https:\/\/www.angiografiadeoccidente.com.co\/angio\/llevamos-a-cabo-la-jornada-de-vacunacion-para-personas-entre-los-12-y-17-anos\/#article","isPartOf":{"@id":"https:\/\/www.angiografiadeoccidente.com.co\/angio\/llevamos-a-cabo-la-jornada-de-vacunacion-para-personas-entre-los-12-y-17-anos\/"},"author":{"name":"comunicaciones","@id":"https:\/\/www.angiografiadeoccidente.com.co\/angio\/#\/schema\/person\/b58ac12758998d725805c403aa6e38e7"},"headline":"llevamos a cabo la jornada de vacunaci\u00f3n para personas entre los 12 y 17 a\u00f1os","datePublished":"2021-08-30T23:25:51+00:00","dateModified":"2025-12-03T18:12:53+00:00","mainEntityOfPage":{"@id":"https:\/\/www.angiografiadeoccidente.com.co\/angio\/llevamos-a-cabo-la-jornada-de-vacunacion-para-personas-entre-los-12-y-17-anos\/"},"wordCount":306,"publisher":{"@id":"https:\/\/www.angiografiadeoccidente.com.co\/angio\/#organization"},"image":{"@id":"https:\/\/www.angiografiadeoccidente.com.co\/angio\/llevamos-a-cabo-la-jornada-de-vacunacion-para-personas-entre-los-12-y-17-anos\/#primaryimage"},"thumbnailUrl":"https:\/\/www.angiografiadeoccidente.com.co\/angio\/wp-content\/uploads\/2021\/08\/Mesa-de-trabajo-1.png","keywords":["megacentro vacunaci\u00f3n","Vacunaci\u00f3n covid 19"],"articleSection":["#SomosTodoCoraz\u00f3n","Noticias Angio","Salud"],"inLanguage":"es"},{"@type":"WebPage","@id":"https:\/\/www.angiografiadeoccidente.com.co\/angio\/llevamos-a-cabo-la-jornada-de-vacunacion-para-personas-entre-los-12-y-17-anos\/","url":"https:\/\/www.angiografiadeoccidente.com.co\/angio\/llevamos-a-cabo-la-jornada-de-vacunacion-para-personas-entre-los-12-y-17-anos\/","name":"llevamos a cabo la jornada de vacunaci\u00f3n para personas entre los 12 y 17 a\u00f1os | Angiograf\u00eda de Occidente","isPartOf":{"@id":"https:\/\/www.angiografiadeoccidente.com.co\/angio\/#website"},"primaryImageOfPage":{"@id":"https:\/\/www.angiografiadeoccidente.com.co\/angio\/llevamos-a-cabo-la-jornada-de-vacunacion-para-personas-entre-los-12-y-17-anos\/#primaryimage"},"image":{"@id":"https:\/\/www.angiografiadeoccidente.com.co\/angio\/llevamos-a-cabo-la-jornada-de-vacunacion-para-personas-entre-los-12-y-17-anos\/#primaryimage"},"thumbnailUrl":"https:\/\/www.angiografiadeoccidente.com.co\/angio\/wp-content\/uploads\/2021\/08\/Mesa-de-trabajo-1.png","datePublished":"2021-08-30T23:25:51+00:00","dateModified":"2025-12-03T18:12:53+00:00","description":"En Angiograf\u00eda de Occidente #YoTeCuidoT\u00faMeCuidas, por eso el pasado s\u00e1bado 28 de agosto llevamos a cabo la jornada de vacunaci\u00f3n para personas entre los 12 y 17 a\u00f1os","breadcrumb":{"@id":"https:\/\/www.angiografiadeoccidente.com.co\/angio\/llevamos-a-cabo-la-jornada-de-vacunacion-para-personas-entre-los-12-y-17-anos\/#breadcrumb"},"inLanguage":"es","potentialAction":[{"@type":"ReadAction","target":["https:\/\/www.angiografiadeoccidente.com.co\/angio\/llevamos-a-cabo-la-jornada-de-vacunacion-para-personas-entre-los-12-y-17-anos\/"]}]},{"@type":"ImageObject","inLanguage":"es","@id":"https:\/\/www.angiografiadeoccidente.com.co\/angio\/llevamos-a-cabo-la-jornada-de-vacunacion-para-personas-entre-los-12-y-17-anos\/#primaryimage","url":"https:\/\/www.angiografiadeoccidente.com.co\/angio\/wp-content\/uploads\/2021\/08\/Mesa-de-trabajo-1.png","contentUrl":"https:\/\/www.angiografiadeoccidente.com.co\/angio\/wp-content\/uploads\/2021\/08\/Mesa-de-trabajo-1.png","width":1920,"height":1080},{"@type":"BreadcrumbList","@id":"https:\/\/www.angiografiadeoccidente.com.co\/angio\/llevamos-a-cabo-la-jornada-de-vacunacion-para-personas-entre-los-12-y-17-anos\/#breadcrumb","itemListElement":[{"@type":"ListItem","position":1,"name":"Portada","item":"https:\/\/www.angiografiadeoccidente.com.co\/angio\/"},{"@type":"ListItem","position":2,"name":"llevamos a cabo la jornada de vacunaci\u00f3n para personas entre los 12 y 17 a\u00f1os"}]},{"@type":"WebSite","@id":"https:\/\/www.angiografiadeoccidente.com.co\/angio\/#website","url":"https:\/\/www.angiografiadeoccidente.com.co\/angio\/","name":"Angiograf\u00eda de Occidente","description":"","publisher":{"@id":"https:\/\/www.angiografiadeoccidente.com.co\/angio\/#organization"},"potentialAction":[{"@type":"SearchAction","target":{"@type":"EntryPoint","urlTemplate":"https:\/\/www.angiografiadeoccidente.com.co\/angio\/?s={search_term_string}"},"query-input":{"@type":"PropertyValueSpecification","valueRequired":true,"valueName":"search_term_string"}}],"inLanguage":"es"},{"@type":"Organization","@id":"https:\/\/www.angiografiadeoccidente.com.co\/angio\/#organization","name":"ANGIOGRAF\u00cdA DE OCCIDENTE","url":"https:\/\/www.angiografiadeoccidente.com.co\/angio\/","logo":{"@type":"ImageObject","inLanguage":"es","@id":"https:\/\/www.angiografiadeoccidente.com.co\/angio\/#\/schema\/logo\/image\/","url":"https:\/\/www.angiografiadeoccidente.com.co\/angio\/wp-content\/uploads\/2020\/06\/color-horizontal.png","contentUrl":"https:\/\/www.angiografiadeoccidente.com.co\/angio\/wp-content\/uploads\/2020\/06\/color-horizontal.png","width":500,"height":155,"caption":"ANGIOGRAF\u00cdA DE OCCIDENTE"},"image":{"@id":"https:\/\/www.angiografiadeoccidente.com.co\/angio\/#\/schema\/logo\/image\/"},"sameAs":["https:\/\/www.facebook.com\/angiografiadeoccidentesa\/","https:\/\/x.com\/angiografiadeo","https:\/\/www.instagram.com\/angiografiadeoccidente\/","https:\/\/www.linkedin.com\/in\/angiografiadeoccidente\/","https:\/\/www.youtube.com\/channel\/UChja9ImlUP-vGj_ZZx5mH2A?view_as=subscriber"]},{"@type":"Person","@id":"https:\/\/www.angiografiadeoccidente.com.co\/angio\/#\/schema\/person\/b58ac12758998d725805c403aa6e38e7","name":"comunicaciones","image":{"@type":"ImageObject","inLanguage":"es","@id":"https:\/\/secure.gravatar.com\/avatar\/f2429596063288182014d244741ac823aaed2ed770eb52de304b6fb4bd15268c?s=96&d=mm&r=g","url":"https:\/\/secure.gravatar.com\/avatar\/f2429596063288182014d244741ac823aaed2ed770eb52de304b6fb4bd15268c?s=96&d=mm&r=g","contentUrl":"https:\/\/secure.gravatar.com\/avatar\/f2429596063288182014d244741ac823aaed2ed770eb52de304b6fb4bd15268c?s=96&d=mm&r=g","caption":"comunicaciones"}}]}},"_links":{"self":[{"href":"https:\/\/www.angiografiadeoccidente.com.co\/angio\/wp-json\/wp\/v2\/posts\/17936","targetHints":{"allow":["GET"]}}],"collection":[{"href":"https:\/\/www.angiografiadeoccidente.com.co\/angio\/wp-json\/wp\/v2\/posts"}],"about":[{"href":"https:\/\/www.angiografiadeoccidente.com.co\/angio\/wp-json\/wp\/v2\/types\/post"}],"author":[{"embeddable":true,"href":"https:\/\/www.angiografiadeoccidente.com.co\/angio\/wp-json\/wp\/v2\/users\/5"}],"replies":[{"embeddable":true,"href":"https:\/\/www.angiografiadeoccidente.com.co\/angio\/wp-json\/wp\/v2\/comments?post=17936"}],"version-history":[{"count":1,"href":"https:\/\/www.angiografiadeoccidente.com.co\/angio\/wp-json\/wp\/v2\/posts\/17936\/revisions"}],"predecessor-version":[{"id":17938,"href":"https:\/\/www.angiografiadeoccidente.com.co\/angio\/wp-json\/wp\/v2\/posts\/17936\/revisions\/17938"}],"wp:featuredmedia":[{"embeddable":true,"href":"https:\/\/www.angiografiadeoccidente.com.co\/angio\/wp-json\/wp\/v2\/media\/17937"}],"wp:attachment":[{"href":"https:\/\/www.angiografiadeoccidente.com.co\/angio\/wp-json\/wp\/v2\/media?parent=17936"}],"wp:term":[{"taxonomy":"category","embeddable":true,"href":"https:\/\/www.angiografiadeoccidente.com.co\/angio\/wp-json\/wp\/v2\/categories?post=17936"},{"taxonomy":"post_tag","embeddable":true,"href":"https:\/\/www.angiografiadeoccidente.com.co\/angio\/wp-json\/wp\/v2\/tags?post=17936"}],"curies":[{"name":"wp","href":"https:\/\/api.w.org\/{rel}","templated":true}]}}