{"id":18001,"date":"2021-09-10T18:56:55","date_gmt":"2021-09-10T18:56:55","guid":{"rendered":"https:\/\/www.angiografiadeoccidente.com.co\/angio\/?p=18001"},"modified":"2025-12-03T18:12:53","modified_gmt":"2025-12-03T18:12:53","slug":"en-angiografia-de-occidente-celebramos-el-dia-nacional-de-la-biodiversidad","status":"publish","type":"post","link":"https:\/\/www.angiografiadeoccidente.com.co\/angio\/en-angiografia-de-occidente-celebramos-el-dia-nacional-de-la-biodiversidad\/","title":{"rendered":"En Angiograf\u00eda de Occidente, \u00a1celebramos el D\u00eda nacional de la Biodiversidad!"},"content":{"rendered":"\n<p>En Angiograf\u00eda de Occidente estamos comprometidos con el medio ambiente y las acciones en pro de la preservaci\u00f3n del planeta. Por eso, celebramos este d\u00eda compartiendo con ustedes algunos datos relevantes sobre la fecha y dem\u00e1s informaci\u00f3n de inter\u00e9s ambiental.<\/p>\n\n\n\n<p>Es importante conocer inicialmente que este d\u00eda se conmemora para recordar a Jos\u00e9 Celestino Mutis, bi\u00f3logo que aport\u00f3 al conocimiento de las especies nacionales a trav\u00e9s de su Expedici\u00f3n Bot\u00e1nica en el territorio Colombiano. Gracias a sus descubrimientos, se obtuvo un significativo <strong>inventario nacional de biodiversidad, <\/strong>que ha permitido reconocer al pa\u00eds como pionero en <em>familias <\/em>vegetales y animales.<\/p>\n\n\n\n<p>As\u00ed, Colombia -con m\u00e1s de 54.000 especies reconocidas- comparte con Brasil el primer lugar en diversidad ambiental y se encuentra identificado como un pa\u00eds \u2018Megadiverso\u2019, que <em>\u201calberga el 70% de la biodiversidad mundial en solo 10% del territorio\u201d<\/em>, por parte del&nbsp; Programa de las Naciones Unidas para el Medio Ambiente. Por ello, se comprende la importancia de proteger la naturaleza del pa\u00eds y el mundo, ya que es <em>\u201cla vida en el mundo entero. La biodiversidad que se encuentra en la Tierra hoy en d\u00eda se compone de millones de especies biol\u00f3gicas.<\/em><strong><em> Es el producto de millones de a\u00f1os de evoluci\u00f3n<\/em><\/strong><em>\u201d,<\/em> seg\u00fan afirma el Ministerio de Ambiente y Desarrollo Sostenible del pa\u00eds.<\/p>\n\n\n\n<p>De acuerdo a Minambiente, Colombia se conoce por ser el primero <em>\u201cen diversidad de aves y orqu\u00eddeas; el segundo pa\u00eds en diversidad de plantas, anfibios, peces de r\u00edo y mariposas; el tercer pa\u00eds en diversidad de reptiles y palmas; y el cuarto pa\u00eds en diversidad de mam\u00edferos\u201d. <\/em>Por ello, se debe cuidar, preservar y proteger las diferentes especies con las que contamos al interior del territorio nacional y garantizar su adecuada conservaci\u00f3n.&nbsp;<\/p>\n\n\n\n<p>Con esta informaci\u00f3n, continuamos ratificando nuestro compromiso empresarial con el planeta y las diversidad inmersa dentro de \u00e9l. Por ello, generamos conciencia sobre ella, entre nuestros colaboradores y usuarios, con el fin de extender \u00e9sta responsabilidad social y medioambiental.&nbsp;<\/p>\n\n\n\n<p>Como evidencia de lo anterior, te invitamos a ver el v\u00eddeo realizado para nuestra celebraci\u00f3n del \u00e1rbol del mes, denominado<em> \u2018Guayac\u00e1n &#8211; tapete primaveral\u2019<\/em>, una especie presente en el pa\u00eds y que aporta considerablemente a nuestra salud y pa\u00eds con su presencia. Adem\u00e1s, si deseas continuar conociendo las acciones que realizamos en pro del medio ambiente, te invitamos a seguirnos en nuestras redes sociales Instagram, Facebook, Twitter y YouTube como<strong> @Angiografiadeoccidente<\/strong><\/p>\n\n\n\n<figure class=\"wp-block-embed is-type-video is-provider-youtube wp-block-embed-youtube wp-embed-aspect-16-9 wp-has-aspect-ratio\"><div class=\"wp-block-embed__wrapper\">\n<iframe title=\"#SoyAmbiental | \u00e1rbol del mes - Guayac\u00e1n\" width=\"640\" height=\"360\" src=\"https:\/\/www.youtube.com\/embed\/PVl72kzzAIM?feature=oembed\" frameborder=\"0\" allow=\"accelerometer; autoplay; clipboard-write; encrypted-media; gyroscope; picture-in-picture; web-share\" referrerpolicy=\"strict-origin-when-cross-origin\" allowfullscreen><\/iframe>\n<\/div><\/figure>\n\n\n\n<p><strong>Nota realizada por: Mar\u00eda Antonia Gonz\u00e1lez Casas &#8211; Analista de Comunicaciones.\u00a0<\/strong><\/p>\n","protected":false},"excerpt":{"rendered":"<p>En Angiograf\u00eda de Occidente estamos comprometidos con el medio ambiente y las acciones en pro de la preservaci\u00f3n del planeta. Por eso, celebramos este d\u00eda compartiendo con ustedes algunos datos relevantes sobre la fecha y dem\u00e1s informaci\u00f3n de inter\u00e9s ambiental. Es importante conocer inicialmente que este d\u00eda se conmemora para recordar a Jos\u00e9 Celestino Mutis, [&hellip;]<\/p>\n","protected":false},"author":5,"featured_media":18002,"comment_status":"closed","ping_status":"open","sticky":false,"template":"","format":"standard","meta":{"footnotes":""},"categories":[155],"tags":[95,165],"class_list":["post-18001","post","type-post","status-publish","format-standard","has-post-thumbnail","hentry","category-noticiasangio","tag-calidad","tag-ambiental"],"yoast_head":"<!-- This site is optimized with the Yoast SEO plugin v27.4 - https:\/\/yoast.com\/product\/yoast-seo-wordpress\/ -->\n<title>En Angiograf\u00eda de Occidente, \u00a1celebramos el D\u00eda nacional de la Biodiversidad! | Angiograf\u00eda de Occidente<\/title>\n<meta name=\"robots\" content=\"noindex, follow\" \/>\n<meta property=\"og:locale\" content=\"es_ES\" \/>\n<meta property=\"og:type\" content=\"article\" \/>\n<meta property=\"og:title\" content=\"En Angiograf\u00eda de Occidente, \u00a1celebramos el D\u00eda nacional de la Biodiversidad! | Angiograf\u00eda de Occidente\" \/>\n<meta property=\"og:description\" content=\"En Angiograf\u00eda de Occidente estamos comprometidos con el medio ambiente y las acciones en pro de la preservaci\u00f3n del planeta. Por eso, celebramos este d\u00eda compartiendo con ustedes algunos datos relevantes sobre la fecha y dem\u00e1s informaci\u00f3n de inter\u00e9s ambiental. Es importante conocer inicialmente que este d\u00eda se conmemora para recordar a Jos\u00e9 Celestino Mutis, [&hellip;]\" \/>\n<meta property=\"og:url\" content=\"https:\/\/www.angiografiadeoccidente.com.co\/angio\/en-angiografia-de-occidente-celebramos-el-dia-nacional-de-la-biodiversidad\/\" \/>\n<meta property=\"og:site_name\" content=\"Angiograf\u00eda de Occidente\" \/>\n<meta property=\"article:publisher\" content=\"https:\/\/www.facebook.com\/angiografiadeoccidentesa\/\" \/>\n<meta property=\"article:published_time\" content=\"2021-09-10T18:56:55+00:00\" \/>\n<meta property=\"article:modified_time\" content=\"2025-12-03T18:12:53+00:00\" \/>\n<meta property=\"og:image\" content=\"https:\/\/www.angiografiadeoccidente.com.co\/angio\/wp-content\/uploads\/2021\/09\/Pieza-web-Dia-Nacional-de-la-Biodiversidad.png\" \/>\n\t<meta property=\"og:image:width\" content=\"915\" \/>\n\t<meta property=\"og:image:height\" content=\"515\" \/>\n\t<meta property=\"og:image:type\" content=\"image\/png\" \/>\n<meta name=\"author\" content=\"comunicaciones\" \/>\n<meta name=\"twitter:card\" content=\"summary_large_image\" \/>\n<meta name=\"twitter:creator\" content=\"@angiografiadeo\" \/>\n<meta name=\"twitter:site\" content=\"@angiografiadeo\" \/>\n<meta name=\"twitter:label1\" content=\"Escrito por\" \/>\n\t<meta name=\"twitter:data1\" content=\"comunicaciones\" \/>\n\t<meta name=\"twitter:label2\" content=\"Tiempo de lectura\" \/>\n\t<meta name=\"twitter:data2\" content=\"2 minutos\" \/>\n<script type=\"application\/ld+json\" class=\"yoast-schema-graph\">{\"@context\":\"https:\\\/\\\/schema.org\",\"@graph\":[{\"@type\":\"Article\",\"@id\":\"https:\\\/\\\/www.angiografiadeoccidente.com.co\\\/angio\\\/en-angiografia-de-occidente-celebramos-el-dia-nacional-de-la-biodiversidad\\\/#article\",\"isPartOf\":{\"@id\":\"https:\\\/\\\/www.angiografiadeoccidente.com.co\\\/angio\\\/en-angiografia-de-occidente-celebramos-el-dia-nacional-de-la-biodiversidad\\\/\"},\"author\":{\"name\":\"comunicaciones\",\"@id\":\"https:\\\/\\\/www.angiografiadeoccidente.com.co\\\/angio\\\/#\\\/schema\\\/person\\\/b58ac12758998d725805c403aa6e38e7\"},\"headline\":\"En Angiograf\u00eda de Occidente, \u00a1celebramos el D\u00eda nacional de la Biodiversidad!\",\"datePublished\":\"2021-09-10T18:56:55+00:00\",\"dateModified\":\"2025-12-03T18:12:53+00:00\",\"mainEntityOfPage\":{\"@id\":\"https:\\\/\\\/www.angiografiadeoccidente.com.co\\\/angio\\\/en-angiografia-de-occidente-celebramos-el-dia-nacional-de-la-biodiversidad\\\/\"},\"wordCount\":462,\"publisher\":{\"@id\":\"https:\\\/\\\/www.angiografiadeoccidente.com.co\\\/angio\\\/#organization\"},\"image\":{\"@id\":\"https:\\\/\\\/www.angiografiadeoccidente.com.co\\\/angio\\\/en-angiografia-de-occidente-celebramos-el-dia-nacional-de-la-biodiversidad\\\/#primaryimage\"},\"thumbnailUrl\":\"https:\\\/\\\/www.angiografiadeoccidente.com.co\\\/angio\\\/wp-content\\\/uploads\\\/2021\\\/09\\\/Pieza-web-Dia-Nacional-de-la-Biodiversidad.png\",\"keywords\":[\"#SoyCalidad\",\"Ambiental\"],\"articleSection\":[\"Noticias Angio\"],\"inLanguage\":\"es\"},{\"@type\":\"WebPage\",\"@id\":\"https:\\\/\\\/www.angiografiadeoccidente.com.co\\\/angio\\\/en-angiografia-de-occidente-celebramos-el-dia-nacional-de-la-biodiversidad\\\/\",\"url\":\"https:\\\/\\\/www.angiografiadeoccidente.com.co\\\/angio\\\/en-angiografia-de-occidente-celebramos-el-dia-nacional-de-la-biodiversidad\\\/\",\"name\":\"En Angiograf\u00eda de Occidente, \u00a1celebramos el D\u00eda nacional de la Biodiversidad! | Angiograf\u00eda de Occidente\",\"isPartOf\":{\"@id\":\"https:\\\/\\\/www.angiografiadeoccidente.com.co\\\/angio\\\/#website\"},\"primaryImageOfPage\":{\"@id\":\"https:\\\/\\\/www.angiografiadeoccidente.com.co\\\/angio\\\/en-angiografia-de-occidente-celebramos-el-dia-nacional-de-la-biodiversidad\\\/#primaryimage\"},\"image\":{\"@id\":\"https:\\\/\\\/www.angiografiadeoccidente.com.co\\\/angio\\\/en-angiografia-de-occidente-celebramos-el-dia-nacional-de-la-biodiversidad\\\/#primaryimage\"},\"thumbnailUrl\":\"https:\\\/\\\/www.angiografiadeoccidente.com.co\\\/angio\\\/wp-content\\\/uploads\\\/2021\\\/09\\\/Pieza-web-Dia-Nacional-de-la-Biodiversidad.png\",\"datePublished\":\"2021-09-10T18:56:55+00:00\",\"dateModified\":\"2025-12-03T18:12:53+00:00\",\"breadcrumb\":{\"@id\":\"https:\\\/\\\/www.angiografiadeoccidente.com.co\\\/angio\\\/en-angiografia-de-occidente-celebramos-el-dia-nacional-de-la-biodiversidad\\\/#breadcrumb\"},\"inLanguage\":\"es\",\"potentialAction\":[{\"@type\":\"ReadAction\",\"target\":[\"https:\\\/\\\/www.angiografiadeoccidente.com.co\\\/angio\\\/en-angiografia-de-occidente-celebramos-el-dia-nacional-de-la-biodiversidad\\\/\"]}]},{\"@type\":\"ImageObject\",\"inLanguage\":\"es\",\"@id\":\"https:\\\/\\\/www.angiografiadeoccidente.com.co\\\/angio\\\/en-angiografia-de-occidente-celebramos-el-dia-nacional-de-la-biodiversidad\\\/#primaryimage\",\"url\":\"https:\\\/\\\/www.angiografiadeoccidente.com.co\\\/angio\\\/wp-content\\\/uploads\\\/2021\\\/09\\\/Pieza-web-Dia-Nacional-de-la-Biodiversidad.png\",\"contentUrl\":\"https:\\\/\\\/www.angiografiadeoccidente.com.co\\\/angio\\\/wp-content\\\/uploads\\\/2021\\\/09\\\/Pieza-web-Dia-Nacional-de-la-Biodiversidad.png\",\"width\":915,\"height\":515},{\"@type\":\"BreadcrumbList\",\"@id\":\"https:\\\/\\\/www.angiografiadeoccidente.com.co\\\/angio\\\/en-angiografia-de-occidente-celebramos-el-dia-nacional-de-la-biodiversidad\\\/#breadcrumb\",\"itemListElement\":[{\"@type\":\"ListItem\",\"position\":1,\"name\":\"Portada\",\"item\":\"https:\\\/\\\/www.angiografiadeoccidente.com.co\\\/angio\\\/\"},{\"@type\":\"ListItem\",\"position\":2,\"name\":\"En Angiograf\u00eda de Occidente, \u00a1celebramos el D\u00eda nacional de la Biodiversidad!\"}]},{\"@type\":\"WebSite\",\"@id\":\"https:\\\/\\\/www.angiografiadeoccidente.com.co\\\/angio\\\/#website\",\"url\":\"https:\\\/\\\/www.angiografiadeoccidente.com.co\\\/angio\\\/\",\"name\":\"Angiograf\u00eda de Occidente\",\"description\":\"\",\"publisher\":{\"@id\":\"https:\\\/\\\/www.angiografiadeoccidente.com.co\\\/angio\\\/#organization\"},\"potentialAction\":[{\"@type\":\"SearchAction\",\"target\":{\"@type\":\"EntryPoint\",\"urlTemplate\":\"https:\\\/\\\/www.angiografiadeoccidente.com.co\\\/angio\\\/?s={search_term_string}\"},\"query-input\":{\"@type\":\"PropertyValueSpecification\",\"valueRequired\":true,\"valueName\":\"search_term_string\"}}],\"inLanguage\":\"es\"},{\"@type\":\"Organization\",\"@id\":\"https:\\\/\\\/www.angiografiadeoccidente.com.co\\\/angio\\\/#organization\",\"name\":\"ANGIOGRAF\u00cdA DE OCCIDENTE\",\"url\":\"https:\\\/\\\/www.angiografiadeoccidente.com.co\\\/angio\\\/\",\"logo\":{\"@type\":\"ImageObject\",\"inLanguage\":\"es\",\"@id\":\"https:\\\/\\\/www.angiografiadeoccidente.com.co\\\/angio\\\/#\\\/schema\\\/logo\\\/image\\\/\",\"url\":\"https:\\\/\\\/www.angiografiadeoccidente.com.co\\\/angio\\\/wp-content\\\/uploads\\\/2020\\\/06\\\/color-horizontal.png\",\"contentUrl\":\"https:\\\/\\\/www.angiografiadeoccidente.com.co\\\/angio\\\/wp-content\\\/uploads\\\/2020\\\/06\\\/color-horizontal.png\",\"width\":500,\"height\":155,\"caption\":\"ANGIOGRAF\u00cdA DE OCCIDENTE\"},\"image\":{\"@id\":\"https:\\\/\\\/www.angiografiadeoccidente.com.co\\\/angio\\\/#\\\/schema\\\/logo\\\/image\\\/\"},\"sameAs\":[\"https:\\\/\\\/www.facebook.com\\\/angiografiadeoccidentesa\\\/\",\"https:\\\/\\\/x.com\\\/angiografiadeo\",\"https:\\\/\\\/www.instagram.com\\\/angiografiadeoccidente\\\/\",\"https:\\\/\\\/www.linkedin.com\\\/in\\\/angiografiadeoccidente\\\/\",\"https:\\\/\\\/www.youtube.com\\\/channel\\\/UChja9ImlUP-vGj_ZZx5mH2A?view_as=subscriber\"]},{\"@type\":\"Person\",\"@id\":\"https:\\\/\\\/www.angiografiadeoccidente.com.co\\\/angio\\\/#\\\/schema\\\/person\\\/b58ac12758998d725805c403aa6e38e7\",\"name\":\"comunicaciones\",\"image\":{\"@type\":\"ImageObject\",\"inLanguage\":\"es\",\"@id\":\"https:\\\/\\\/secure.gravatar.com\\\/avatar\\\/f2429596063288182014d244741ac823aaed2ed770eb52de304b6fb4bd15268c?s=96&d=mm&r=g\",\"url\":\"https:\\\/\\\/secure.gravatar.com\\\/avatar\\\/f2429596063288182014d244741ac823aaed2ed770eb52de304b6fb4bd15268c?s=96&d=mm&r=g\",\"contentUrl\":\"https:\\\/\\\/secure.gravatar.com\\\/avatar\\\/f2429596063288182014d244741ac823aaed2ed770eb52de304b6fb4bd15268c?s=96&d=mm&r=g\",\"caption\":\"comunicaciones\"}}]}<\/script>\n<!-- \/ Yoast SEO plugin. -->","yoast_head_json":{"title":"En Angiograf\u00eda de Occidente, \u00a1celebramos el D\u00eda nacional de la Biodiversidad! | Angiograf\u00eda de Occidente","robots":{"index":"noindex","follow":"follow"},"og_locale":"es_ES","og_type":"article","og_title":"En Angiograf\u00eda de Occidente, \u00a1celebramos el D\u00eda nacional de la Biodiversidad! | Angiograf\u00eda de Occidente","og_description":"En Angiograf\u00eda de Occidente estamos comprometidos con el medio ambiente y las acciones en pro de la preservaci\u00f3n del planeta. Por eso, celebramos este d\u00eda compartiendo con ustedes algunos datos relevantes sobre la fecha y dem\u00e1s informaci\u00f3n de inter\u00e9s ambiental. Es importante conocer inicialmente que este d\u00eda se conmemora para recordar a Jos\u00e9 Celestino Mutis, [&hellip;]","og_url":"https:\/\/www.angiografiadeoccidente.com.co\/angio\/en-angiografia-de-occidente-celebramos-el-dia-nacional-de-la-biodiversidad\/","og_site_name":"Angiograf\u00eda de Occidente","article_publisher":"https:\/\/www.facebook.com\/angiografiadeoccidentesa\/","article_published_time":"2021-09-10T18:56:55+00:00","article_modified_time":"2025-12-03T18:12:53+00:00","og_image":[{"width":915,"height":515,"url":"https:\/\/www.angiografiadeoccidente.com.co\/angio\/wp-content\/uploads\/2021\/09\/Pieza-web-Dia-Nacional-de-la-Biodiversidad.png","type":"image\/png"}],"author":"comunicaciones","twitter_card":"summary_large_image","twitter_creator":"@angiografiadeo","twitter_site":"@angiografiadeo","twitter_misc":{"Escrito por":"comunicaciones","Tiempo de lectura":"2 minutos"},"schema":{"@context":"https:\/\/schema.org","@graph":[{"@type":"Article","@id":"https:\/\/www.angiografiadeoccidente.com.co\/angio\/en-angiografia-de-occidente-celebramos-el-dia-nacional-de-la-biodiversidad\/#article","isPartOf":{"@id":"https:\/\/www.angiografiadeoccidente.com.co\/angio\/en-angiografia-de-occidente-celebramos-el-dia-nacional-de-la-biodiversidad\/"},"author":{"name":"comunicaciones","@id":"https:\/\/www.angiografiadeoccidente.com.co\/angio\/#\/schema\/person\/b58ac12758998d725805c403aa6e38e7"},"headline":"En Angiograf\u00eda de Occidente, \u00a1celebramos el D\u00eda nacional de la Biodiversidad!","datePublished":"2021-09-10T18:56:55+00:00","dateModified":"2025-12-03T18:12:53+00:00","mainEntityOfPage":{"@id":"https:\/\/www.angiografiadeoccidente.com.co\/angio\/en-angiografia-de-occidente-celebramos-el-dia-nacional-de-la-biodiversidad\/"},"wordCount":462,"publisher":{"@id":"https:\/\/www.angiografiadeoccidente.com.co\/angio\/#organization"},"image":{"@id":"https:\/\/www.angiografiadeoccidente.com.co\/angio\/en-angiografia-de-occidente-celebramos-el-dia-nacional-de-la-biodiversidad\/#primaryimage"},"thumbnailUrl":"https:\/\/www.angiografiadeoccidente.com.co\/angio\/wp-content\/uploads\/2021\/09\/Pieza-web-Dia-Nacional-de-la-Biodiversidad.png","keywords":["#SoyCalidad","Ambiental"],"articleSection":["Noticias Angio"],"inLanguage":"es"},{"@type":"WebPage","@id":"https:\/\/www.angiografiadeoccidente.com.co\/angio\/en-angiografia-de-occidente-celebramos-el-dia-nacional-de-la-biodiversidad\/","url":"https:\/\/www.angiografiadeoccidente.com.co\/angio\/en-angiografia-de-occidente-celebramos-el-dia-nacional-de-la-biodiversidad\/","name":"En Angiograf\u00eda de Occidente, \u00a1celebramos el D\u00eda nacional de la Biodiversidad! | Angiograf\u00eda de Occidente","isPartOf":{"@id":"https:\/\/www.angiografiadeoccidente.com.co\/angio\/#website"},"primaryImageOfPage":{"@id":"https:\/\/www.angiografiadeoccidente.com.co\/angio\/en-angiografia-de-occidente-celebramos-el-dia-nacional-de-la-biodiversidad\/#primaryimage"},"image":{"@id":"https:\/\/www.angiografiadeoccidente.com.co\/angio\/en-angiografia-de-occidente-celebramos-el-dia-nacional-de-la-biodiversidad\/#primaryimage"},"thumbnailUrl":"https:\/\/www.angiografiadeoccidente.com.co\/angio\/wp-content\/uploads\/2021\/09\/Pieza-web-Dia-Nacional-de-la-Biodiversidad.png","datePublished":"2021-09-10T18:56:55+00:00","dateModified":"2025-12-03T18:12:53+00:00","breadcrumb":{"@id":"https:\/\/www.angiografiadeoccidente.com.co\/angio\/en-angiografia-de-occidente-celebramos-el-dia-nacional-de-la-biodiversidad\/#breadcrumb"},"inLanguage":"es","potentialAction":[{"@type":"ReadAction","target":["https:\/\/www.angiografiadeoccidente.com.co\/angio\/en-angiografia-de-occidente-celebramos-el-dia-nacional-de-la-biodiversidad\/"]}]},{"@type":"ImageObject","inLanguage":"es","@id":"https:\/\/www.angiografiadeoccidente.com.co\/angio\/en-angiografia-de-occidente-celebramos-el-dia-nacional-de-la-biodiversidad\/#primaryimage","url":"https:\/\/www.angiografiadeoccidente.com.co\/angio\/wp-content\/uploads\/2021\/09\/Pieza-web-Dia-Nacional-de-la-Biodiversidad.png","contentUrl":"https:\/\/www.angiografiadeoccidente.com.co\/angio\/wp-content\/uploads\/2021\/09\/Pieza-web-Dia-Nacional-de-la-Biodiversidad.png","width":915,"height":515},{"@type":"BreadcrumbList","@id":"https:\/\/www.angiografiadeoccidente.com.co\/angio\/en-angiografia-de-occidente-celebramos-el-dia-nacional-de-la-biodiversidad\/#breadcrumb","itemListElement":[{"@type":"ListItem","position":1,"name":"Portada","item":"https:\/\/www.angiografiadeoccidente.com.co\/angio\/"},{"@type":"ListItem","position":2,"name":"En Angiograf\u00eda de Occidente, \u00a1celebramos el D\u00eda nacional de la Biodiversidad!"}]},{"@type":"WebSite","@id":"https:\/\/www.angiografiadeoccidente.com.co\/angio\/#website","url":"https:\/\/www.angiografiadeoccidente.com.co\/angio\/","name":"Angiograf\u00eda de Occidente","description":"","publisher":{"@id":"https:\/\/www.angiografiadeoccidente.com.co\/angio\/#organization"},"potentialAction":[{"@type":"SearchAction","target":{"@type":"EntryPoint","urlTemplate":"https:\/\/www.angiografiadeoccidente.com.co\/angio\/?s={search_term_string}"},"query-input":{"@type":"PropertyValueSpecification","valueRequired":true,"valueName":"search_term_string"}}],"inLanguage":"es"},{"@type":"Organization","@id":"https:\/\/www.angiografiadeoccidente.com.co\/angio\/#organization","name":"ANGIOGRAF\u00cdA DE OCCIDENTE","url":"https:\/\/www.angiografiadeoccidente.com.co\/angio\/","logo":{"@type":"ImageObject","inLanguage":"es","@id":"https:\/\/www.angiografiadeoccidente.com.co\/angio\/#\/schema\/logo\/image\/","url":"https:\/\/www.angiografiadeoccidente.com.co\/angio\/wp-content\/uploads\/2020\/06\/color-horizontal.png","contentUrl":"https:\/\/www.angiografiadeoccidente.com.co\/angio\/wp-content\/uploads\/2020\/06\/color-horizontal.png","width":500,"height":155,"caption":"ANGIOGRAF\u00cdA DE OCCIDENTE"},"image":{"@id":"https:\/\/www.angiografiadeoccidente.com.co\/angio\/#\/schema\/logo\/image\/"},"sameAs":["https:\/\/www.facebook.com\/angiografiadeoccidentesa\/","https:\/\/x.com\/angiografiadeo","https:\/\/www.instagram.com\/angiografiadeoccidente\/","https:\/\/www.linkedin.com\/in\/angiografiadeoccidente\/","https:\/\/www.youtube.com\/channel\/UChja9ImlUP-vGj_ZZx5mH2A?view_as=subscriber"]},{"@type":"Person","@id":"https:\/\/www.angiografiadeoccidente.com.co\/angio\/#\/schema\/person\/b58ac12758998d725805c403aa6e38e7","name":"comunicaciones","image":{"@type":"ImageObject","inLanguage":"es","@id":"https:\/\/secure.gravatar.com\/avatar\/f2429596063288182014d244741ac823aaed2ed770eb52de304b6fb4bd15268c?s=96&d=mm&r=g","url":"https:\/\/secure.gravatar.com\/avatar\/f2429596063288182014d244741ac823aaed2ed770eb52de304b6fb4bd15268c?s=96&d=mm&r=g","contentUrl":"https:\/\/secure.gravatar.com\/avatar\/f2429596063288182014d244741ac823aaed2ed770eb52de304b6fb4bd15268c?s=96&d=mm&r=g","caption":"comunicaciones"}}]}},"_links":{"self":[{"href":"https:\/\/www.angiografiadeoccidente.com.co\/angio\/wp-json\/wp\/v2\/posts\/18001","targetHints":{"allow":["GET"]}}],"collection":[{"href":"https:\/\/www.angiografiadeoccidente.com.co\/angio\/wp-json\/wp\/v2\/posts"}],"about":[{"href":"https:\/\/www.angiografiadeoccidente.com.co\/angio\/wp-json\/wp\/v2\/types\/post"}],"author":[{"embeddable":true,"href":"https:\/\/www.angiografiadeoccidente.com.co\/angio\/wp-json\/wp\/v2\/users\/5"}],"replies":[{"embeddable":true,"href":"https:\/\/www.angiografiadeoccidente.com.co\/angio\/wp-json\/wp\/v2\/comments?post=18001"}],"version-history":[{"count":1,"href":"https:\/\/www.angiografiadeoccidente.com.co\/angio\/wp-json\/wp\/v2\/posts\/18001\/revisions"}],"predecessor-version":[{"id":18003,"href":"https:\/\/www.angiografiadeoccidente.com.co\/angio\/wp-json\/wp\/v2\/posts\/18001\/revisions\/18003"}],"wp:featuredmedia":[{"embeddable":true,"href":"https:\/\/www.angiografiadeoccidente.com.co\/angio\/wp-json\/wp\/v2\/media\/18002"}],"wp:attachment":[{"href":"https:\/\/www.angiografiadeoccidente.com.co\/angio\/wp-json\/wp\/v2\/media?parent=18001"}],"wp:term":[{"taxonomy":"category","embeddable":true,"href":"https:\/\/www.angiografiadeoccidente.com.co\/angio\/wp-json\/wp\/v2\/categories?post=18001"},{"taxonomy":"post_tag","embeddable":true,"href":"https:\/\/www.angiografiadeoccidente.com.co\/angio\/wp-json\/wp\/v2\/tags?post=18001"}],"curies":[{"name":"wp","href":"https:\/\/api.w.org\/{rel}","templated":true}]}}